{"id":100004,"date":"2019-08-01T16:19:09","date_gmt":"2019-08-01T14:19:09","guid":{"rendered":"https:\/\/zjarr.tv\/?p=100004"},"modified":"2019-08-01T16:19:09","modified_gmt":"2019-08-01T14:19:09","slug":"italia-rezolute-per-celjen-e-negociatave-te-shqiperise-me-be","status":"publish","type":"post","link":"https:\/\/zjarr.tv\/en\/italia-rezolute-per-celjen-e-negociatave-te-shqiperise-me-be\/","title":{"rendered":"Italia rezolut\u00eb p\u00ebr \u00e7eljen e negociatave t\u00eb Shqip\u00ebris\u00eb me BE"},"content":{"rendered":"<p>&nbsp;<\/p>\n<p>Parlamenti i Italis\u00eb ka miratuar nj\u00eb rezolut\u00eb p\u00ebr \u00e7eljen e negociatave t\u00eb Shqip\u00ebris\u00eb me Bashkimin Evropian.<\/p>\n<p>Lidhur me k\u00ebt\u00eb nism\u00eb t\u00eb italian\u00ebve, kreu i Kuvendit shqiptar, Gramoz Ru\u00e7i, ka fal\u00ebnderuar homologun e tij, Roberto Fico, duke e cil\u00ebsuar Italin\u00eb nj\u00eb fqinj t\u00eb \u00e7muar dhe partner t\u00eb fuqish\u00ebm.<\/p>\n<p>\u201cMir\u00ebnjohje p\u00ebr Rezolut\u00ebn n\u00eb mb\u00ebshtetje t\u00eb negociatave. Italia, fqinj i \u00e7muar dhe partner i fuqish\u00ebm. T\u00eb bindur p\u00ebr mb\u00ebshtetjen e Italis\u00eb n\u00eb KE n\u00eb tetor\u201d, ka th\u00ebn\u00eb mes t\u00eb tjerash Ru\u00e7i.<\/p>\n<p>&nbsp;<\/p>","protected":false},"excerpt":{"rendered":"<p>&nbsp; Parlamenti i Italis\u00eb ka miratuar nj\u00eb rezolut\u00eb p\u00ebr \u00e7eljen e negociatave t\u00eb Shqip\u00ebris\u00eb me Bashkimin Evropian. Lidhur me k\u00ebt\u00eb nism\u00eb t\u00eb italian\u00ebve, kreu i Kuvendit shqiptar, Gramoz Ru\u00e7i, ka fal\u00ebnderuar homologun e tij, Roberto Fico, duke e cil\u00ebsuar Italin\u00eb nj\u00eb fqinj t\u00eb \u00e7muar dhe partner t\u00eb fuqish\u00ebm. \u201cMir\u00ebnjohje p\u00ebr Rezolut\u00ebn n\u00eb mb\u00ebshtetje t\u00eb negociatave. [&hellip;]<\/p>\n","protected":false},"author":2013,"featured_media":100005,"comment_status":"open","ping_status":"closed","sticky":false,"template":"","format":"standard","meta":{"footnotes":""},"categories":[241,235],"tags":[],"class_list":{"0":"post-100004","1":"post","2":"type-post","3":"status-publish","4":"format-standard","5":"has-post-thumbnail","7":"category-aktualitet","8":"category-vendi"},"_links":{"self":[{"href":"https:\/\/zjarr.tv\/en\/wp-json\/wp\/v2\/posts\/100004","targetHints":{"allow":["GET"]}}],"collection":[{"href":"https:\/\/zjarr.tv\/en\/wp-json\/wp\/v2\/posts"}],"about":[{"href":"https:\/\/zjarr.tv\/en\/wp-json\/wp\/v2\/types\/post"}],"author":[{"embeddable":true,"href":"https:\/\/zjarr.tv\/en\/wp-json\/wp\/v2\/users\/2013"}],"replies":[{"embeddable":true,"href":"https:\/\/zjarr.tv\/en\/wp-json\/wp\/v2\/comments?post=100004"}],"version-history":[{"count":0,"href":"https:\/\/zjarr.tv\/en\/wp-json\/wp\/v2\/posts\/100004\/revisions"}],"wp:featuredmedia":[{"embeddable":true,"href":"https:\/\/zjarr.tv\/en\/wp-json\/wp\/v2\/media\/100005"}],"wp:attachment":[{"href":"https:\/\/zjarr.tv\/en\/wp-json\/wp\/v2\/media?parent=100004"}],"wp:term":[{"taxonomy":"category","embeddable":true,"href":"https:\/\/zjarr.tv\/en\/wp-json\/wp\/v2\/categories?post=100004"},{"taxonomy":"post_tag","embeddable":true,"href":"https:\/\/zjarr.tv\/en\/wp-json\/wp\/v2\/tags?post=100004"}],"curies":[{"name":"wp","href":"https:\/\/api.w.org\/{rel}","templated":true}]}}