{"id":100033,"date":"2019-08-01T19:50:14","date_gmt":"2019-08-01T17:50:14","guid":{"rendered":"https:\/\/zjarr.tv\/?p=100033"},"modified":"2019-08-01T16:43:41","modified_gmt":"2019-08-01T14:43:41","slug":"dezerton-ushtari-verikorean","status":"publish","type":"post","link":"https:\/\/zjarr.tv\/en\/dezerton-ushtari-verikorean\/","title":{"rendered":"Dezerton ushtari verikorean"},"content":{"rendered":"<p>&nbsp;<\/p>\n<p><em>Ushtria e Kores\u00eb s\u00eb Jugut arrestoi nj\u00eb ushtar t\u00eb Veriut q\u00eb kaloi zon\u00ebn e \u00e7militarizuar, por t\u00eb fortifikuar q\u00eb ndan t\u00eb dy vendet. Me dhjet\u00ebra njer\u00ebz arratisen \u00e7do vit nga Koreja e Veriut, por kalimet n\u00ebp\u00ebrmjet zon\u00ebs s\u00eb \u00e7militarizuar jan\u00eb shum\u00eb t\u00eb rrezikshme dhe t\u00eb rralla.<\/em><\/p>\n<p>Koreja e Jugut ka ndaluar nj\u00eb ushtar verikorean q\u00eb mundi t\u00eb kaloj\u00eb zon\u00ebn e \u00e7militarizuar q\u00eb ndan dy vendet. Dezertori u pikas nga kamerat termike gjat\u00eb nat\u00ebs, tha Shtabi i P\u00ebrgjithsh\u00ebm n\u00eb nj\u00eb deklarat\u00eb.<\/p>\n<p>Gjithashtu m\u00ebsohet se dezertori ishte nj\u00eb ushtar aktiv i sh\u00ebrbimit ushtarak q\u00eb paraqiti interes p\u00ebr t\u00eb kaluar drejt jugut t\u00eb gadishurllit.<\/p>\n<p>Me dhjet\u00ebra njer\u00ebz arratisen \u00e7do vit nga Koreja e Veriut, por kalimet n\u00ebp\u00ebrmjet zon\u00ebs s\u00eb \u00e7militarizuar jan\u00eb shum\u00eb t\u00eb rrezikshme dhe t\u00eb rralla.<\/p>\n<p>N\u00eb n\u00ebntor 2017, nj\u00eb ushtar korean u q\u00ebllua 40 her\u00eb nga koleg\u00ebt e tij nd\u00ebrsa mundi t\u00eb dezertonte drejt Jugut.<\/p>\n<p>N\u00eb lidhje me incidentin e fundit, ushtari u pikas t\u00eb m\u00ebrkur\u00ebn von\u00eb pran\u00eb brigjeve t\u00eb lumit Imjin, i cili rrjedh nga Koreja e Veriut n\u00eb drejtim t\u00eb Jugut n\u00ebp\u00ebrmjet zon\u00ebs s\u00eb \u00e7militarizuar.<\/p>\n<p>Ai u kap nga ushtria jugkoreane dhe tani ndodhet i n\u00ebn arrest ushtarak.<\/p>\n<p>Dezertimi ndodhi nj\u00eb dit\u00eb pasi Koreja e Veriut kreu dy l\u00ebshime t\u00eb reja raketash balistike me rreze t\u00eb shkurt\u00ebr veprimi.<\/p>\n<p>Agjencia verikoreane e lajmeve KCNA, tha se l\u00ebshimet, e mbik\u00ebqyrura nga udh\u00ebheq\u00ebsi Kim Jong-un, u b\u00ebn\u00eb p\u00ebr t\u00eb provuar nj\u00eb &#8220;sistem t\u00eb ri raketash t\u00eb drejtuar &#8220;.<\/p>\n<p>Provat gjithashtu ishin nj\u00eb paralajm\u00ebrim p\u00ebr Koren\u00eb e Jugut q\u00eb ka planifikuar st\u00ebrvitje t\u00eb p\u00ebrbashk\u00ebta ushtarake me Shtetet e Bashkuara, m\u00eb von\u00eb k\u00ebt\u00eb muaj.<\/p>\n<p>&nbsp;<\/p>","protected":false},"excerpt":{"rendered":"<p>&nbsp; Ushtria e Kores\u00eb s\u00eb Jugut arrestoi nj\u00eb ushtar t\u00eb Veriut q\u00eb kaloi zon\u00ebn e \u00e7militarizuar, por t\u00eb fortifikuar q\u00eb ndan t\u00eb dy vendet. Me dhjet\u00ebra njer\u00ebz arratisen \u00e7do vit nga Koreja e Veriut, por kalimet n\u00ebp\u00ebrmjet zon\u00ebs s\u00eb \u00e7militarizuar jan\u00eb shum\u00eb t\u00eb rrezikshme dhe t\u00eb rralla. Koreja e Jugut ka ndaluar nj\u00eb ushtar verikorean [&hellip;]<\/p>\n","protected":false},"author":2013,"featured_media":100034,"comment_status":"open","ping_status":"closed","sticky":false,"template":"","format":"standard","meta":{"footnotes":""},"categories":[241,191],"tags":[],"class_list":{"0":"post-100033","1":"post","2":"type-post","3":"status-publish","4":"format-standard","5":"has-post-thumbnail","7":"category-aktualitet","8":"category-bota"},"_links":{"self":[{"href":"https:\/\/zjarr.tv\/en\/wp-json\/wp\/v2\/posts\/100033","targetHints":{"allow":["GET"]}}],"collection":[{"href":"https:\/\/zjarr.tv\/en\/wp-json\/wp\/v2\/posts"}],"about":[{"href":"https:\/\/zjarr.tv\/en\/wp-json\/wp\/v2\/types\/post"}],"author":[{"embeddable":true,"href":"https:\/\/zjarr.tv\/en\/wp-json\/wp\/v2\/users\/2013"}],"replies":[{"embeddable":true,"href":"https:\/\/zjarr.tv\/en\/wp-json\/wp\/v2\/comments?post=100033"}],"version-history":[{"count":0,"href":"https:\/\/zjarr.tv\/en\/wp-json\/wp\/v2\/posts\/100033\/revisions"}],"wp:featuredmedia":[{"embeddable":true,"href":"https:\/\/zjarr.tv\/en\/wp-json\/wp\/v2\/media\/100034"}],"wp:attachment":[{"href":"https:\/\/zjarr.tv\/en\/wp-json\/wp\/v2\/media?parent=100033"}],"wp:term":[{"taxonomy":"category","embeddable":true,"href":"https:\/\/zjarr.tv\/en\/wp-json\/wp\/v2\/categories?post=100033"},{"taxonomy":"post_tag","embeddable":true,"href":"https:\/\/zjarr.tv\/en\/wp-json\/wp\/v2\/tags?post=100033"}],"curies":[{"name":"wp","href":"https:\/\/api.w.org\/{rel}","templated":true}]}}