{"id":100063,"date":"2019-08-01T17:21:59","date_gmt":"2019-08-01T15:21:59","guid":{"rendered":"https:\/\/zjarr.tv\/?p=100063"},"modified":"2019-08-01T17:21:59","modified_gmt":"2019-08-01T15:21:59","slug":"gjykata-i-dha-mandatin-kandidatit-te-ps-mziu-vijon-punen-inauguron-investimin-e-rradhes-ne-kamez","status":"publish","type":"post","link":"https:\/\/zjarr.tv\/en\/gjykata-i-dha-mandatin-kandidatit-te-ps-mziu-vijon-punen-inauguron-investimin-e-rradhes-ne-kamez\/","title":{"rendered":"Gjykata i dha mandatin kandidatit t\u00eb PS, Mziu vijon pun\u00ebn. Inauguron investimin e rradh\u00ebs n\u00eb Kam\u00ebz"},"content":{"rendered":"<p>&nbsp;<\/p>\n<p>Edhe pse nj\u00eb dit\u00eb m\u00eb par\u00eb, Gjykata\u00a0 e Tiran\u00ebs i dha mandatin e kryebashkiakut kandidatit t\u00eb PS, Rakip Suli, Xhelal Mziu vijon pun\u00ebn n\u00eb bashkin\u00eb q\u00eb drejton.<\/p>\n<p>Kryetar I Bashkis\u00eb Kam\u00ebz ka q\u00ebn\u00eb sot I pranish\u00ebm n\u00eb inagurimin\u00a0e p\u00ebrfundimit t\u00eb punimeve publike n\u00eb rrug\u00ebn\u201dBuones Aires\u201d n\u00eb Kam\u00ebz n\u00eb nj\u00eb nga investimet e shumta q\u00eb po realizohen n\u00eb territorin e Bashkis\u00eb Kam\u00ebz, shkruan Syri.net<\/p>\n<p>Sipas njoftimit zyrtar, inagurimi i rrug\u00ebs q\u00eb ndodhet n\u00eb lagjen-4 n\u00eb Kam\u00ebz, \u00ebsht\u00eb investim 100% nga buxheti i Bashkis\u00eb Kam\u00ebz.<\/p>\n<p>Rruga \u201cBuones Aires\u201d ka nj\u00eb gjat\u00ebsi prej 342 metra linear, gjer\u00ebsi prej 6 metrash dhe baz\u00eb asfaltimi 5 metra. N\u00eb t\u00eb dyja an\u00ebt e rrug\u00ebs jan\u00eb vendosur kuneta me p\u00ebrmasa 2 X 0.5 metra.<\/p>\n<p>Kryebashkiaku Mziu gjat\u00eb p\u00ebrfundimit t\u00eb inspektimit t\u00eb p\u00ebrfundimit t\u00eb punimeve publike t\u00eb rrug\u00ebs \u201cBuones Aires\u201d, ku t\u00eb gjith\u00eb banor\u00ebt mbet\u00ebn t\u00eb k\u00ebnaqur, premtoi se nuk do t\u00eb rresht s\u00eb punuari jo vet\u00ebm p\u00ebr k\u00ebt\u00eb rrug\u00eb apo lagje por s\u2019do t\u00eb ndalem s\u00eb investuari n\u00eb \u00e7do rrug\u00eb e rrugic\u00eb t\u00eb Bashkis\u00eb Kam\u00ebz dhe jo vet\u00ebm n\u00eb infrastruktur\u00eb por n\u00eb uj\u00ebsjell\u00ebs,ndri\u00e7im dhe gjelb\u00ebrim qyteti n\u00eb transport dhe telekomunikacion si dhe sh\u00ebrbime ndaj qytetar\u00ebve.<\/p>\n<p>N\u00eb inagurimin e investimeve t\u00eb shumta q\u00eb pati sot z.Xhelal Mziu, kryetari I Bashkis\u00eb Kam\u00ebz, n\u00eb disa prej rrug\u00ebve tashm\u00eb t\u00eb p\u00ebrfunduara si\u00e7 ishin ato si:\u201dBuones Aires\u201d dhe \u201cMiq\u00ebsia\u201d n\u00eb lagjen-4 n\u00eb Kam\u00ebz, \u201cRamush Hardinaj\u201d n\u00eb Bathore ishin t\u00eb pranishme dhe disa prej mediave prestigjoze vizive, q\u00eb ndoq\u00ebn nga af\u00ebr veprimtarin\u00eb ditore t\u00eb z. Mziu duke inspektuar investimet n\u00ebp\u00ebr rrug\u00ebt e qytetit.<\/p>\n<p>&nbsp;<\/p>","protected":false},"excerpt":{"rendered":"<p>&nbsp; Edhe pse nj\u00eb dit\u00eb m\u00eb par\u00eb, Gjykata\u00a0 e Tiran\u00ebs i dha mandatin e kryebashkiakut kandidatit t\u00eb PS, Rakip Suli, Xhelal Mziu vijon pun\u00ebn n\u00eb bashkin\u00eb q\u00eb drejton. Kryetar I Bashkis\u00eb Kam\u00ebz ka q\u00ebn\u00eb sot I pranish\u00ebm n\u00eb inagurimin\u00a0e p\u00ebrfundimit t\u00eb punimeve publike n\u00eb rrug\u00ebn\u201dBuones Aires\u201d n\u00eb Kam\u00ebz n\u00eb nj\u00eb nga investimet e shumta q\u00eb [&hellip;]<\/p>\n","protected":false},"author":2013,"featured_media":100064,"comment_status":"open","ping_status":"closed","sticky":false,"template":"","format":"standard","meta":{"footnotes":""},"categories":[241,235],"tags":[],"class_list":{"0":"post-100063","1":"post","2":"type-post","3":"status-publish","4":"format-standard","5":"has-post-thumbnail","7":"category-aktualitet","8":"category-vendi"},"_links":{"self":[{"href":"https:\/\/zjarr.tv\/en\/wp-json\/wp\/v2\/posts\/100063","targetHints":{"allow":["GET"]}}],"collection":[{"href":"https:\/\/zjarr.tv\/en\/wp-json\/wp\/v2\/posts"}],"about":[{"href":"https:\/\/zjarr.tv\/en\/wp-json\/wp\/v2\/types\/post"}],"author":[{"embeddable":true,"href":"https:\/\/zjarr.tv\/en\/wp-json\/wp\/v2\/users\/2013"}],"replies":[{"embeddable":true,"href":"https:\/\/zjarr.tv\/en\/wp-json\/wp\/v2\/comments?post=100063"}],"version-history":[{"count":0,"href":"https:\/\/zjarr.tv\/en\/wp-json\/wp\/v2\/posts\/100063\/revisions"}],"wp:featuredmedia":[{"embeddable":true,"href":"https:\/\/zjarr.tv\/en\/wp-json\/wp\/v2\/media\/100064"}],"wp:attachment":[{"href":"https:\/\/zjarr.tv\/en\/wp-json\/wp\/v2\/media?parent=100063"}],"wp:term":[{"taxonomy":"category","embeddable":true,"href":"https:\/\/zjarr.tv\/en\/wp-json\/wp\/v2\/categories?post=100063"},{"taxonomy":"post_tag","embeddable":true,"href":"https:\/\/zjarr.tv\/en\/wp-json\/wp\/v2\/tags?post=100063"}],"curies":[{"name":"wp","href":"https:\/\/api.w.org\/{rel}","templated":true}]}}