{"id":100072,"date":"2019-08-01T17:31:40","date_gmt":"2019-08-01T15:31:40","guid":{"rendered":"https:\/\/zjarr.tv\/?p=100072"},"modified":"2019-08-01T17:31:40","modified_gmt":"2019-08-01T15:31:40","slug":"klajda-gjosha-nene-per-here-te-dyte-kryemadhi-emocionon-me-urimin-e-saj-dhe-zbulon-emrin","status":"publish","type":"post","link":"https:\/\/zjarr.tv\/en\/klajda-gjosha-nene-per-here-te-dyte-kryemadhi-emocionon-me-urimin-e-saj-dhe-zbulon-emrin\/","title":{"rendered":"Klajda Gjosha n\u00ebn\u00eb p\u00ebr her\u00eb t\u00eb dyt\u00eb\/ Kryemadhi emocionon me urimin e saj dhe zbulon emrin"},"content":{"rendered":"<p>&nbsp;<\/p>\n<p>Ish ministrja e Integrimit dhe ish deputetja e LSI, Klajda Gjosha b\u00ebhet n\u00ebn\u00eb p\u00ebr her\u00eb t\u00eb dyt\u00eb.<\/p>\n<p>Lajmin e \u00ebmb\u00ebl e jep vet\u00eb Kryetarja e LSI, Monika Kryemadhi, p\u00ebrmes nj\u00eb postimi shum\u00eb emocionues n\u00eb Facebook.<\/p>\n<p><strong>Ja \u00e7far\u00eb shkruan Kryemadhi, e cila zbulon edhe emrin e foshnjes:<\/strong><\/p>\n<p>Klajda u b\u00eb mama p\u00ebr her\u00eb t\u00eb dyt\u00eb!<\/p>\n<p>\u201cE rr\u00ebmbeva\u201d k\u00ebt\u00eb \u00e7ast t\u00eb bukur duke fiksuar n\u00eb foto dor\u00ebn e Greis dhe t\u00eb mamit t\u00eb saj. Nj\u00eb moment q\u00eb m\u00eb emocionoi dhe mbushi me g\u00ebzim.<\/p>\n<p>Si n\u00ebn\u00eb e dy vajzave e di q\u00eb si n\u00eb dit\u00ebn e par\u00eb, por edhe pas shum\u00eb e shum\u00eb viteve, Klajda dhe Greis do jen\u00eb gjithmon\u00eb t\u00eb pandara. Dy fate t\u00eb lidhura p\u00ebrjet\u00eb q\u00eb do shoq\u00ebrojn\u00eb nj\u00ebra tjetr\u00ebn si n\u00eb dit\u00ebt e bukura me diell edhe n\u00eb ato t\u00eb zymta me shi.<\/p>\n<p>Ky \u00ebsht\u00eb fati i \u00e7do n\u00ebne dhe vajz\u00ebs s\u00eb saj. T\u00eb udh\u00ebtojn\u00eb bashk\u00eb e t\u00eb ndri\u00e7ojn\u00eb jet\u00ebt e tyre dhe t\u00eb njer\u00ebzve t\u00eb dashur! T\u00eb rritesh e lumtur n\u00eb krah\u00ebt dhe kujdesin e prind\u00ebrve Greis.<\/p>\n<p>Ne t\u00eb duam shum\u00eb.<\/p>\n<p>&nbsp;<\/p>","protected":false},"excerpt":{"rendered":"<p>&nbsp; Ish ministrja e Integrimit dhe ish deputetja e LSI, Klajda Gjosha b\u00ebhet n\u00ebn\u00eb p\u00ebr her\u00eb t\u00eb dyt\u00eb. Lajmin e \u00ebmb\u00ebl e jep vet\u00eb Kryetarja e LSI, Monika Kryemadhi, p\u00ebrmes nj\u00eb postimi shum\u00eb emocionues n\u00eb Facebook. Ja \u00e7far\u00eb shkruan Kryemadhi, e cila zbulon edhe emrin e foshnjes: Klajda u b\u00eb mama p\u00ebr her\u00eb t\u00eb dyt\u00eb! [&hellip;]<\/p>\n","protected":false},"author":2013,"featured_media":90795,"comment_status":"open","ping_status":"closed","sticky":false,"template":"","format":"standard","meta":{"footnotes":""},"categories":[241,235],"tags":[],"class_list":{"0":"post-100072","1":"post","2":"type-post","3":"status-publish","4":"format-standard","5":"has-post-thumbnail","7":"category-aktualitet","8":"category-vendi"},"_links":{"self":[{"href":"https:\/\/zjarr.tv\/en\/wp-json\/wp\/v2\/posts\/100072","targetHints":{"allow":["GET"]}}],"collection":[{"href":"https:\/\/zjarr.tv\/en\/wp-json\/wp\/v2\/posts"}],"about":[{"href":"https:\/\/zjarr.tv\/en\/wp-json\/wp\/v2\/types\/post"}],"author":[{"embeddable":true,"href":"https:\/\/zjarr.tv\/en\/wp-json\/wp\/v2\/users\/2013"}],"replies":[{"embeddable":true,"href":"https:\/\/zjarr.tv\/en\/wp-json\/wp\/v2\/comments?post=100072"}],"version-history":[{"count":0,"href":"https:\/\/zjarr.tv\/en\/wp-json\/wp\/v2\/posts\/100072\/revisions"}],"wp:featuredmedia":[{"embeddable":true,"href":"https:\/\/zjarr.tv\/en\/wp-json\/wp\/v2\/media\/90795"}],"wp:attachment":[{"href":"https:\/\/zjarr.tv\/en\/wp-json\/wp\/v2\/media?parent=100072"}],"wp:term":[{"taxonomy":"category","embeddable":true,"href":"https:\/\/zjarr.tv\/en\/wp-json\/wp\/v2\/categories?post=100072"},{"taxonomy":"post_tag","embeddable":true,"href":"https:\/\/zjarr.tv\/en\/wp-json\/wp\/v2\/tags?post=100072"}],"curies":[{"name":"wp","href":"https:\/\/api.w.org\/{rel}","templated":true}]}}