{"id":100261,"date":"2019-08-03T14:45:42","date_gmt":"2019-08-03T12:45:42","guid":{"rendered":"https:\/\/zjarr.tv\/?p=100261"},"modified":"2019-08-03T14:45:42","modified_gmt":"2019-08-03T12:45:42","slug":"dhunoi-nje-grua-ne-qsut-procedohet-nipi-i-deputetit-te-ps-se","status":"publish","type":"post","link":"https:\/\/zjarr.tv\/en\/dhunoi-nje-grua-ne-qsut-procedohet-nipi-i-deputetit-te-ps-se\/","title":{"rendered":"Dhunoi nj\u00eb grua n\u00eb QSUT, procedohet nipi i deputetit t\u00eb PS-s\u00eb"},"content":{"rendered":"<p>&nbsp;<\/p>\n<p>Tri dit\u00eb pas publikimit n\u00eb media dhe rrjetet sociale t\u00eb nj\u00eb video ku nj\u00eb i ri dhunonte n\u00eb n\u00eb oborrin e spitalit \u201cN\u00ebn\u00eb Tereza\u201d nj\u00eb grua, vjen reagimi i policis\u00eb s\u00eb Tiran\u00ebs. N\u00eb deklarat\u00ebn shp\u00ebrndar\u00eb mediave, policia thot\u00eb se ngjarja n\u00eb fjal\u00eb ka ndodhur n\u00eb dat\u00eb 31.07.2019, rreth or\u00ebs 07:30 minuta.<\/p>\n<p>Sh\u00ebrbimet policore kan\u00eb shoq\u00ebruar n\u00eb Komisariat shtetasin Ramazan Rraja 26 vje\u00e7, nipi i deputetit socialist Rrahman Rraja, dhe e kan\u00eb proceduar penalisht.<\/p>\n<p>Sakaq, policia b\u00ebn me dije se ka pezulluar nga detyra edhe efektiven e policis\u00eb q\u00eb u pa n\u00eb video q\u00eb nuk nd\u00ebrhynte kur ky person dhunonte gruan. \u201cGjithashtu, Drejtoria e Standardeve Profesionale n\u00eb Policin\u00eb e Shtetit, pas pezullimit nga detyra t\u00eb punonj\u00ebses s\u00eb Policis\u00eb q\u00eb ishte pran\u00eb vendit t\u00eb ngjarjes, ka nisur verifikimet p\u00ebr veprimet apo mos veprimet e saj.\u201d \u2013 thuhet n\u00eb deklarat\u00ebn e policis\u00eb.<\/p>\n<p><strong>Njoftimi i plot\u00eb:<\/strong><\/p>\n<p>Lidhur me videon e publikuar n\u00eb mediat sociale, ku nj\u00eb i ri shfaqet me pamje duke dhunuar nj\u00eb fem\u00ebr n\u00eb oborrin e spitalit \u201cN\u00ebn\u00eb Tereza\u201d, Tiran\u00eb, n\u00eb interes t\u00eb opinionit publik informojm\u00eb se:<\/p>\n<p>Ngjarja n\u00eb fjal\u00eb ka ndodhur n\u00eb dat\u00eb 31.07.2019, rreth or\u00ebs 07:30 minuta.<\/p>\n<p>Sh\u00ebrbimet policore kan\u00eb shoq\u00ebruar n\u00eb Komisariat shtetasin R.Rr. 26 vje\u00e7 dhe e kan\u00eb proceduar penalisht. Materialet n\u00eb ngarkim t\u00eb k\u00ebtij shtetasi jan\u00eb referuar n\u00eb Prokurori p\u00ebr veprime t\u00eb m\u00ebtejshme.<\/p>\n<p>Gjithashtu, Drejtoria e Standardeve Profesionale n\u00eb Policin\u00eb e Shtetit, pas pezullimit nga detyra t\u00eb punonj\u00ebses s\u00eb Policis\u00eb q\u00eb ishte pran\u00eb vendit t\u00eb ngjarjes, ka nisur verifikimet p\u00ebr veprimet apo mos veprimet e saj.<\/p>\n<p>&nbsp;<\/p>","protected":false},"excerpt":{"rendered":"<p>&nbsp; Tri dit\u00eb pas publikimit n\u00eb media dhe rrjetet sociale t\u00eb nj\u00eb video ku nj\u00eb i ri dhunonte n\u00eb n\u00eb oborrin e spitalit \u201cN\u00ebn\u00eb Tereza\u201d nj\u00eb grua, vjen reagimi i policis\u00eb s\u00eb Tiran\u00ebs. N\u00eb deklarat\u00ebn shp\u00ebrndar\u00eb mediave, policia thot\u00eb se ngjarja n\u00eb fjal\u00eb ka ndodhur n\u00eb dat\u00eb 31.07.2019, rreth or\u00ebs 07:30 minuta. Sh\u00ebrbimet policore kan\u00eb [&hellip;]<\/p>\n","protected":false},"author":2013,"featured_media":100262,"comment_status":"open","ping_status":"closed","sticky":false,"template":"","format":"standard","meta":{"footnotes":""},"categories":[241,235],"tags":[],"class_list":{"0":"post-100261","1":"post","2":"type-post","3":"status-publish","4":"format-standard","5":"has-post-thumbnail","7":"category-aktualitet","8":"category-vendi"},"_links":{"self":[{"href":"https:\/\/zjarr.tv\/en\/wp-json\/wp\/v2\/posts\/100261","targetHints":{"allow":["GET"]}}],"collection":[{"href":"https:\/\/zjarr.tv\/en\/wp-json\/wp\/v2\/posts"}],"about":[{"href":"https:\/\/zjarr.tv\/en\/wp-json\/wp\/v2\/types\/post"}],"author":[{"embeddable":true,"href":"https:\/\/zjarr.tv\/en\/wp-json\/wp\/v2\/users\/2013"}],"replies":[{"embeddable":true,"href":"https:\/\/zjarr.tv\/en\/wp-json\/wp\/v2\/comments?post=100261"}],"version-history":[{"count":0,"href":"https:\/\/zjarr.tv\/en\/wp-json\/wp\/v2\/posts\/100261\/revisions"}],"wp:featuredmedia":[{"embeddable":true,"href":"https:\/\/zjarr.tv\/en\/wp-json\/wp\/v2\/media\/100262"}],"wp:attachment":[{"href":"https:\/\/zjarr.tv\/en\/wp-json\/wp\/v2\/media?parent=100261"}],"wp:term":[{"taxonomy":"category","embeddable":true,"href":"https:\/\/zjarr.tv\/en\/wp-json\/wp\/v2\/categories?post=100261"},{"taxonomy":"post_tag","embeddable":true,"href":"https:\/\/zjarr.tv\/en\/wp-json\/wp\/v2\/tags?post=100261"}],"curies":[{"name":"wp","href":"https:\/\/api.w.org\/{rel}","templated":true}]}}