{"id":100278,"date":"2019-08-03T16:05:05","date_gmt":"2019-08-03T14:05:05","guid":{"rendered":"https:\/\/zjarr.tv\/?p=100278"},"modified":"2019-08-03T16:05:05","modified_gmt":"2019-08-03T14:05:05","slug":"zbulohet-ushtria-private-e-festim-latos-ishte-i-rrezikshem","status":"publish","type":"post","link":"https:\/\/zjarr.tv\/en\/zbulohet-ushtria-private-e-festim-latos-ishte-i-rrezikshem\/","title":{"rendered":"Zbulohet ushtria private e Festim Latos! \u201cIshte i rreziksh\u00ebm\u201d"},"content":{"rendered":"<p>&nbsp;<\/p>\n<p>Mediet holandeze kan\u00eb zbardhur sot t\u00eb tjera detaje mbi ekzekutimin e Presidentit t\u00eb vet\u00ebshpallur t\u00eb \u00c7am\u00ebris\u00eb, politikanin shqiptar, Festim Lato.<\/p>\n<p>Prestigjiozja holandeze \u201cTelegraaf\u201d ka publikuar s\u00eb fundi nj\u00eb artikull t\u00eb zgjeruar rreth aktivitetit t\u00eb Latos, duke zbuluar q\u00eb ai kishte ushtrin\u00eb e tij private n\u00eb fshatin Gelderland t\u00eb Afferdenit.\u00a0Presidenti i vet\u00ebshpallur i \u00c7am\u00ebris\u00eb jetonte n\u00eb nj\u00eb ferm\u00eb n\u00eb Kerkdam n\u00eb Afferden, t\u00eb cil\u00ebn e kishte kthyer n\u00eb kazerm\u00eb t\u00eb mbushur me ushtri private.<\/p>\n<p>Kjo medie ka publikuar foto dhe video t\u00eb parad\u00ebs s\u00eb ushtris\u00eb private t\u00eb politikanit shqiptar, nd\u00ebrsa citon edhe disa deputet\u00eb holandez\u00eb, t\u00eb cil\u00ebt e quajn\u00eb t\u00eb rreziksh\u00ebm Festim Laton.<\/p>\n<p>\u201cKy njeri ishte potencialisht i rreziksh\u00ebm dhe shkelte ligje t\u00eb shumta. Dua t\u00eb di nga ministri n\u00ebse kishte dijeni p\u00ebr at\u00eb q\u00eb po ndodhte.<\/p>\n<p>Un\u00eb gjithashtu dua t\u00eb di se ku ka shkuar kjo ushtri private dhe ve\u00e7an\u00ebrisht ku jan\u00eb arm\u00ebt tani. A ka mund\u00ebsi q\u00eb nj\u00eb mashtrues nga nj\u00eb vend i panjohur t\u00eb krijoj\u00eb ushtri k\u00ebtu?!\u201d, kan\u00eb th\u00ebn\u00eb deputet\u00ebt, duke shtuar se policia, gjyq\u00ebsori dhe bashkia kan\u00eb d\u00ebshtuar n\u00eb m\u00ebnyr\u00eb t\u00eb jasht\u00ebzakonshme.<\/p>\n<p>Nd\u00ebrkoh\u00eb, nj\u00eb sip\u00ebrmarr\u00ebs holandez, q\u00eb ka qen\u00eb prezent n\u00eb parad\u00ebn ushtarake, \u00ebsht\u00eb shprehur se ishte mrekulluar nga ushtria private n\u00eb brend\u00ebsi t\u00eb Gelderlandit.<\/p>\n<p>\u201cSe k\u00ebt\u00eb e lejuan politikan\u00ebt holandez\u00eb, nuk mundem ta them. Si ia doli Lato t\u00eb b\u00ebnte gjith\u00eb k\u00ebt\u00eb? E shikoja me \u00e7udi. Por presidenti m\u00eb premtoi se do t\u00eb nd\u00ebrtoj\u00eb 210 kilometra rrug\u00eb t\u00eb reja n\u00eb shtetin e tij t\u00eb ri, \u00c7am\u00ebri\u201d, ka th\u00ebn\u00eb ai.<\/p>\n<p>Festim Lato u ekzekutua m\u00eb 21 korrik t\u00eb k\u00ebtij viti, nd\u00ebrsa trupi i tij i pajet\u00eb u gjet n\u00eb nj\u00eb rrug\u00eb n\u00eb Nijmegen t\u00eb Holand\u00ebs. Autoritetet holandeze nuk kan\u00eb zbardhur ende t\u00eb v\u00ebrtet\u00ebn e vrasjes s\u00eb politikanit shqiptar, por deri m\u00eb tani jan\u00eb publikuar d\u00ebshmi t\u00eb shumta, q\u00eb pretendojn\u00eb se jan\u00eb mashtruar nga Lato, i cili n\u00eb em\u00ebr t\u00eb \u00c7am\u00ebris\u00eb iu kishte marr\u00eb miliona euro.<\/p>\n<p>&nbsp;<\/p>","protected":false},"excerpt":{"rendered":"<p>&nbsp; Mediet holandeze kan\u00eb zbardhur sot t\u00eb tjera detaje mbi ekzekutimin e Presidentit t\u00eb vet\u00ebshpallur t\u00eb \u00c7am\u00ebris\u00eb, politikanin shqiptar, Festim Lato. Prestigjiozja holandeze \u201cTelegraaf\u201d ka publikuar s\u00eb fundi nj\u00eb artikull t\u00eb zgjeruar rreth aktivitetit t\u00eb Latos, duke zbuluar q\u00eb ai kishte ushtrin\u00eb e tij private n\u00eb fshatin Gelderland t\u00eb Afferdenit.\u00a0Presidenti i vet\u00ebshpallur i \u00c7am\u00ebris\u00eb jetonte [&hellip;]<\/p>\n","protected":false},"author":2013,"featured_media":100279,"comment_status":"open","ping_status":"closed","sticky":false,"template":"","format":"standard","meta":{"footnotes":""},"categories":[241,235],"tags":[],"class_list":{"0":"post-100278","1":"post","2":"type-post","3":"status-publish","4":"format-standard","5":"has-post-thumbnail","7":"category-aktualitet","8":"category-vendi"},"_links":{"self":[{"href":"https:\/\/zjarr.tv\/en\/wp-json\/wp\/v2\/posts\/100278","targetHints":{"allow":["GET"]}}],"collection":[{"href":"https:\/\/zjarr.tv\/en\/wp-json\/wp\/v2\/posts"}],"about":[{"href":"https:\/\/zjarr.tv\/en\/wp-json\/wp\/v2\/types\/post"}],"author":[{"embeddable":true,"href":"https:\/\/zjarr.tv\/en\/wp-json\/wp\/v2\/users\/2013"}],"replies":[{"embeddable":true,"href":"https:\/\/zjarr.tv\/en\/wp-json\/wp\/v2\/comments?post=100278"}],"version-history":[{"count":0,"href":"https:\/\/zjarr.tv\/en\/wp-json\/wp\/v2\/posts\/100278\/revisions"}],"wp:featuredmedia":[{"embeddable":true,"href":"https:\/\/zjarr.tv\/en\/wp-json\/wp\/v2\/media\/100279"}],"wp:attachment":[{"href":"https:\/\/zjarr.tv\/en\/wp-json\/wp\/v2\/media?parent=100278"}],"wp:term":[{"taxonomy":"category","embeddable":true,"href":"https:\/\/zjarr.tv\/en\/wp-json\/wp\/v2\/categories?post=100278"},{"taxonomy":"post_tag","embeddable":true,"href":"https:\/\/zjarr.tv\/en\/wp-json\/wp\/v2\/tags?post=100278"}],"curies":[{"name":"wp","href":"https:\/\/api.w.org\/{rel}","templated":true}]}}