{"id":100283,"date":"2019-08-03T16:08:37","date_gmt":"2019-08-03T14:08:37","guid":{"rendered":"https:\/\/zjarr.tv\/?p=100283"},"modified":"2019-08-03T16:08:37","modified_gmt":"2019-08-03T14:08:37","slug":"pd-kerkon-skualifikimin-e-kandidatures-artur-metani","status":"publish","type":"post","link":"https:\/\/zjarr.tv\/en\/pd-kerkon-skualifikimin-e-kandidatures-artur-metani\/","title":{"rendered":"PD k\u00ebrkon skualifikimin e kandidatur\u00ebs Artur Metani"},"content":{"rendered":"<p>&nbsp;<\/p>\n<p>Sekretari p\u00ebr \u00e7\u00ebshjet ligjore n\u00eb PD, \u00c7lirim Gjata n\u00eb nj\u00eb deklarat\u00eb nga selia blu tha se kandidatura e Avokatit t\u00eb Shtetit, Artur Metani p\u00ebr postin e Inspektorit t\u00eb Lart\u00eb t\u00eb Drejt\u00ebsis\u00eb, \u00ebsht\u00eb n\u00eb kund\u00ebrshtim me Kushtetut\u00ebn dhe Ligjin.<\/p>\n<p>Ai k\u00ebrkoi t\u00eb s&#8217;kualifikohet dhe shtoi se KED \u00ebsht\u00eb v\u00ebn\u00eb n\u00ebn drejtimin e dyshes besnike Edi Rama Dvorani \u2013 Arta Marku.<\/p>\n<p>\u00c7lirim Gjata:\u00a0&#8220;Ligji i vetingut e konsideron k\u00ebshilltarin e Presidentit funksion politik. Kushtetuta dhe ligji p\u00ebr organet e drejt\u00ebsis\u00eb ia ndalojn\u00eb kandidimin personit q\u00eb 10 vitet e fundit ka patur funksion politik. N\u00eb k\u00ebto kushte kualifikimi i Artur Metanit nga KED si nj\u00eb nga kandidat\u00ebt kryesor\u00eb p\u00ebr postin e Inspektorit t\u00eb Lart\u00eb t\u00eb Drejt\u00ebsis\u00eb \u00ebsht\u00eb n\u00eb kund\u00ebrshtim me Kushtetut\u00ebn dhe ligjin n\u00eb fjal\u00eb.&#8221;<\/p>\n<p>Sipas PD-s\u00eb ata jan\u00eb gati p\u00ebr t\u00eb plot\u00ebsuar urdh\u00ebrat e shefit t\u00eb tyre Kryeminist\u00ebr, misioni i t\u00eb cilit \u00ebsht\u00eb t\u00eb kap\u00eb \u00e7do qeliz\u00eb t\u00eb organeve t\u00eb reja t\u00eb drejt\u00ebsis\u00eb.<\/p>\n<p>KED nuk ka dal\u00eb ende me nj\u00eb list\u00eb p\u00ebrfundimtare p\u00ebr kandidat\u00ebt p\u00ebr Gjykat\u00ebn Kushtetuese dhe Inspektorin e Lart\u00eb t\u00eb Drejt\u00ebsis\u00eb.<\/p>\n<p>&nbsp;<\/p>","protected":false},"excerpt":{"rendered":"<p>&nbsp; Sekretari p\u00ebr \u00e7\u00ebshjet ligjore n\u00eb PD, \u00c7lirim Gjata n\u00eb nj\u00eb deklarat\u00eb nga selia blu tha se kandidatura e Avokatit t\u00eb Shtetit, Artur Metani p\u00ebr postin e Inspektorit t\u00eb Lart\u00eb t\u00eb Drejt\u00ebsis\u00eb, \u00ebsht\u00eb n\u00eb kund\u00ebrshtim me Kushtetut\u00ebn dhe Ligjin. Ai k\u00ebrkoi t\u00eb s&#8217;kualifikohet dhe shtoi se KED \u00ebsht\u00eb v\u00ebn\u00eb n\u00ebn drejtimin e dyshes besnike Edi [&hellip;]<\/p>\n","protected":false},"author":2013,"featured_media":100284,"comment_status":"open","ping_status":"closed","sticky":false,"template":"","format":"standard","meta":{"footnotes":""},"categories":[241,235],"tags":[],"class_list":{"0":"post-100283","1":"post","2":"type-post","3":"status-publish","4":"format-standard","5":"has-post-thumbnail","7":"category-aktualitet","8":"category-vendi"},"_links":{"self":[{"href":"https:\/\/zjarr.tv\/en\/wp-json\/wp\/v2\/posts\/100283","targetHints":{"allow":["GET"]}}],"collection":[{"href":"https:\/\/zjarr.tv\/en\/wp-json\/wp\/v2\/posts"}],"about":[{"href":"https:\/\/zjarr.tv\/en\/wp-json\/wp\/v2\/types\/post"}],"author":[{"embeddable":true,"href":"https:\/\/zjarr.tv\/en\/wp-json\/wp\/v2\/users\/2013"}],"replies":[{"embeddable":true,"href":"https:\/\/zjarr.tv\/en\/wp-json\/wp\/v2\/comments?post=100283"}],"version-history":[{"count":0,"href":"https:\/\/zjarr.tv\/en\/wp-json\/wp\/v2\/posts\/100283\/revisions"}],"wp:featuredmedia":[{"embeddable":true,"href":"https:\/\/zjarr.tv\/en\/wp-json\/wp\/v2\/media\/100284"}],"wp:attachment":[{"href":"https:\/\/zjarr.tv\/en\/wp-json\/wp\/v2\/media?parent=100283"}],"wp:term":[{"taxonomy":"category","embeddable":true,"href":"https:\/\/zjarr.tv\/en\/wp-json\/wp\/v2\/categories?post=100283"},{"taxonomy":"post_tag","embeddable":true,"href":"https:\/\/zjarr.tv\/en\/wp-json\/wp\/v2\/tags?post=100283"}],"curies":[{"name":"wp","href":"https:\/\/api.w.org\/{rel}","templated":true}]}}