{"id":100290,"date":"2019-08-03T17:18:54","date_gmt":"2019-08-03T15:18:54","guid":{"rendered":"https:\/\/zjarr.tv\/?p=100290"},"modified":"2019-08-03T17:18:54","modified_gmt":"2019-08-03T15:18:54","slug":"rama-mesazh-artisteve-me-keto-foto-skandal-se-shpejti-teater-i-ri","status":"publish","type":"post","link":"https:\/\/zjarr.tv\/en\/rama-mesazh-artisteve-me-keto-foto-skandal-se-shpejti-teater-i-ri\/","title":{"rendered":"Rama mesazh artist\u00ebve me k\u00ebto foto: Skandal, s\u00eb shpejti teat\u00ebr i ri"},"content":{"rendered":"<p>&nbsp;<\/p>\n<p>Kryeministri Edi Rama duket se \u00ebsht\u00eb i bindur p\u00ebr t\u00eb b\u00ebr\u00eb Teat\u00ebr t\u00eb ri Komb\u00ebtar, pavar\u00ebsisht kund\u00ebrshtimit t\u00eb artist\u00ebve.<\/p>\n<p>Duke publikuar disa fotografi nga pamjet e tanishme t\u00eb teatrit, kreu i qeveris\u00eb thekson se s\u00eb shpejti Shqip\u00ebria do t\u00eb ket\u00eb teat\u00ebr t\u00eb ri n\u00eb vend t\u00eb karakatin\u00ebs skandaloze, e cila sipas tij, nuk krahasohet dot as me teatrot e qytezave t\u00eb Evrop\u00ebs.<\/p>\n<p>Gjithashtu, Rama publikon edhe disa foto t\u00eb Sall\u00ebs s\u00eb Madhe t\u00eb shfaqjeve n\u00eb Teatrin Komb\u00ebtar t\u00eb Operas dhe Baletit, restaurimi i t\u00eb cilit \u00ebsht\u00eb drejt fundit, duke th\u00ebn\u00eb se dallimi \u00ebsht\u00eb si nata me dit\u00ebn dhe k\u00ebshtu do t\u00eb shk\u00eblqej\u00eb nes\u00ebr edhe Teatri i ri Komb\u00ebtar.<\/p>\n<p>\u201cS\u00cb SHPEJTI SHQIP\u00cbRIA do t\u00eb ket\u00eb nj\u00eb TEAT\u00cbR T\u00cb RI KOMB\u00cbTAR T\u00cb OPERAS DHE BALETIT n\u00eb vend t\u00eb karakatin\u00ebs skandaloze, e cila edhe pse ishte ku e ku m\u00eb e mir\u00eb se sa karakatina e turpshme prej tallashi e Teatrit Komb\u00ebtar, nuk krahasohej dot as me teatrot e qytezave t\u00eb Europ\u00ebs\ud83d\ude22<\/p>\n<p>Dhe me k\u00ebt\u00eb rast, kush ka sy t\u00eb shikoj\u00eb e mendje t\u00eb mendoj\u00eb, mund t\u00eb shoh\u00eb (edhe pse ende s\u2019ka p\u00ebrfunduar Salla e Madhe e shfaqjeve) pa asnj\u00eb mundim dallimin si nata me dit\u00ebn mes pasionit ton\u00eb p\u00ebr t\u00eb bukur\u00ebn e p\u00ebr dinjitozen dhe lidhjes s\u00eb pandashme me sh\u00ebmtin\u00eb e me pisll\u00ebkun, t\u00eb atyre q\u00eb u vriten syt\u00eb nga drita e t\u00eb res\u00eb\ud83d\ude33<\/p>\n<p>Ja k\u00ebshtu, nj\u00ebsoj, do t\u00eb shk\u00eblqej\u00eb nes\u00ebr edhe Teatri i ri Komb\u00ebtar i Fjal\u00ebs, i cili p\u00ebrve\u00e7se do t\u00eb jet\u00eb nj\u00eb g\u00ebzim nga brenda p\u00ebr \u00e7do artist e artdash\u00ebs, do t\u00eb rrezatoj\u00eb edhe nga jasht\u00eb, si nj\u00eb kryevep\u00ebr e arkitektur\u00ebs bashk\u00ebkohore, fal\u00eb talentit t\u00eb arkitektit t\u00eb famsh\u00ebm danez Bjarke Ingels e t\u00eb studios s\u00eb tij prestigjoze \u201cBIG\u201d\ud83d\udc4d<br \/>\n(Kjo vlen edhe p\u00ebr ata q\u00eb e kan\u00eb romuzin 3D n\u00eb maj\u00eb t\u00eb gjuh\u00ebs kur komentojn\u00eb, sepse para se t\u00eb niste ky kantier, 3D ishte edhe kjo k\u00ebtu\u201d, shkruan Rama.<\/p>\n<p>&nbsp;<\/p>","protected":false},"excerpt":{"rendered":"<p>&nbsp; Kryeministri Edi Rama duket se \u00ebsht\u00eb i bindur p\u00ebr t\u00eb b\u00ebr\u00eb Teat\u00ebr t\u00eb ri Komb\u00ebtar, pavar\u00ebsisht kund\u00ebrshtimit t\u00eb artist\u00ebve. Duke publikuar disa fotografi nga pamjet e tanishme t\u00eb teatrit, kreu i qeveris\u00eb thekson se s\u00eb shpejti Shqip\u00ebria do t\u00eb ket\u00eb teat\u00ebr t\u00eb ri n\u00eb vend t\u00eb karakatin\u00ebs skandaloze, e cila sipas tij, nuk krahasohet [&hellip;]<\/p>\n","protected":false},"author":2013,"featured_media":100291,"comment_status":"open","ping_status":"closed","sticky":false,"template":"","format":"standard","meta":{"footnotes":""},"categories":[241,235],"tags":[],"class_list":{"0":"post-100290","1":"post","2":"type-post","3":"status-publish","4":"format-standard","5":"has-post-thumbnail","7":"category-aktualitet","8":"category-vendi"},"_links":{"self":[{"href":"https:\/\/zjarr.tv\/en\/wp-json\/wp\/v2\/posts\/100290","targetHints":{"allow":["GET"]}}],"collection":[{"href":"https:\/\/zjarr.tv\/en\/wp-json\/wp\/v2\/posts"}],"about":[{"href":"https:\/\/zjarr.tv\/en\/wp-json\/wp\/v2\/types\/post"}],"author":[{"embeddable":true,"href":"https:\/\/zjarr.tv\/en\/wp-json\/wp\/v2\/users\/2013"}],"replies":[{"embeddable":true,"href":"https:\/\/zjarr.tv\/en\/wp-json\/wp\/v2\/comments?post=100290"}],"version-history":[{"count":0,"href":"https:\/\/zjarr.tv\/en\/wp-json\/wp\/v2\/posts\/100290\/revisions"}],"wp:featuredmedia":[{"embeddable":true,"href":"https:\/\/zjarr.tv\/en\/wp-json\/wp\/v2\/media\/100291"}],"wp:attachment":[{"href":"https:\/\/zjarr.tv\/en\/wp-json\/wp\/v2\/media?parent=100290"}],"wp:term":[{"taxonomy":"category","embeddable":true,"href":"https:\/\/zjarr.tv\/en\/wp-json\/wp\/v2\/categories?post=100290"},{"taxonomy":"post_tag","embeddable":true,"href":"https:\/\/zjarr.tv\/en\/wp-json\/wp\/v2\/tags?post=100290"}],"curies":[{"name":"wp","href":"https:\/\/api.w.org\/{rel}","templated":true}]}}