{"id":100293,"date":"2019-08-03T17:19:59","date_gmt":"2019-08-03T15:19:59","guid":{"rendered":"https:\/\/zjarr.tv\/?p=100293"},"modified":"2019-08-03T17:19:59","modified_gmt":"2019-08-03T15:19:59","slug":"kalldremi-i-pazarit-ne-gjirokaster-drejt-fundit","status":"publish","type":"post","link":"https:\/\/zjarr.tv\/en\/kalldremi-i-pazarit-ne-gjirokaster-drejt-fundit\/","title":{"rendered":"Kalldr\u00ebmi i pazarit n\u00eb Gjirokast\u00ebr drejt fundit"},"content":{"rendered":"<p>&nbsp;<\/p>\n<p><em>Kalldr\u00ebmi i Gjirokastr\u00ebs do t\u00eb jet\u00eb gati brenda muajit tetor. punimet n\u00eb t\u00eb jan\u00eb drejt fundit, duke u ezauruar n\u00eb mas\u00ebn 80 % t\u00eb gjitha rrjetet inxhenierike n\u00ebn\u00ebtok\u00ebsore.<\/em><\/p>\n<p>Punimet restauruese n\u00eb kalldr\u00ebmin e pazarit karakteristik t\u00eb Gjirokastr\u00ebs jan\u00eb drejt fundit.<\/p>\n<p>Pavli Mi\u00e7o nga Fondi Shqiptar i Zhvillimit thot\u00eb se jan\u00eb ezauruar n\u00eb mas\u00ebn 100 % t\u00eb gjitha rrjetet inxhemirike n\u00ebn\u00ebtok\u00ebsore dhe po punohet n\u00eb shtrimin e kalld\u00ebmit t\u00eb fundit q\u00eb p\u00ebrkon me mozaikun e famsh\u00ebm.<\/p>\n<p><strong><em>Mi\u00e7o:<\/em><\/strong>\u00a0<em>Jemi n\u00eb faz\u00ebn kur ne jemi p\u00ebrqendruar n\u00eb p\u00ebrfundimin e punimeve n\u00eb trotuare, n\u00eb veshjen e tyre me pllaka guri dhe n\u00eb shtrimin e kalldr\u00ebmeve. Aktualisht kan\u00eb ngelur vet\u00ebm 2 akse pa u shtruar me kalldr\u00ebm. \u00cbsht\u00eb aksi kryesor nga sheshi \u00c7er\u00e7izi n\u00eb drejtim t\u00eb qaf\u00ebs s\u00eb pazarit.<\/em><\/p>\n<p>M\u00eb her\u00ebt \u00ebsht\u00eb raportuar se punimet kan\u00eb sjell\u00eb pengesa t\u00eb shumta tek bizneset, t\u00eb cilat kan\u00eb th\u00ebn\u00eb se p\u00ebr shkak t\u00eb punimeve numri i turist\u00ebve \u00ebsht\u00eb tep\u00ebr i ul\u00ebt.<\/p>\n<p>&nbsp;<\/p>","protected":false},"excerpt":{"rendered":"<p>&nbsp; Kalldr\u00ebmi i Gjirokastr\u00ebs do t\u00eb jet\u00eb gati brenda muajit tetor. punimet n\u00eb t\u00eb jan\u00eb drejt fundit, duke u ezauruar n\u00eb mas\u00ebn 80 % t\u00eb gjitha rrjetet inxhenierike n\u00ebn\u00ebtok\u00ebsore. Punimet restauruese n\u00eb kalldr\u00ebmin e pazarit karakteristik t\u00eb Gjirokastr\u00ebs jan\u00eb drejt fundit. Pavli Mi\u00e7o nga Fondi Shqiptar i Zhvillimit thot\u00eb se jan\u00eb ezauruar n\u00eb mas\u00ebn 100 [&hellip;]<\/p>\n","protected":false},"author":2013,"featured_media":100294,"comment_status":"open","ping_status":"closed","sticky":false,"template":"","format":"standard","meta":{"footnotes":""},"categories":[241,235],"tags":[],"class_list":{"0":"post-100293","1":"post","2":"type-post","3":"status-publish","4":"format-standard","5":"has-post-thumbnail","7":"category-aktualitet","8":"category-vendi"},"_links":{"self":[{"href":"https:\/\/zjarr.tv\/en\/wp-json\/wp\/v2\/posts\/100293","targetHints":{"allow":["GET"]}}],"collection":[{"href":"https:\/\/zjarr.tv\/en\/wp-json\/wp\/v2\/posts"}],"about":[{"href":"https:\/\/zjarr.tv\/en\/wp-json\/wp\/v2\/types\/post"}],"author":[{"embeddable":true,"href":"https:\/\/zjarr.tv\/en\/wp-json\/wp\/v2\/users\/2013"}],"replies":[{"embeddable":true,"href":"https:\/\/zjarr.tv\/en\/wp-json\/wp\/v2\/comments?post=100293"}],"version-history":[{"count":0,"href":"https:\/\/zjarr.tv\/en\/wp-json\/wp\/v2\/posts\/100293\/revisions"}],"wp:featuredmedia":[{"embeddable":true,"href":"https:\/\/zjarr.tv\/en\/wp-json\/wp\/v2\/media\/100294"}],"wp:attachment":[{"href":"https:\/\/zjarr.tv\/en\/wp-json\/wp\/v2\/media?parent=100293"}],"wp:term":[{"taxonomy":"category","embeddable":true,"href":"https:\/\/zjarr.tv\/en\/wp-json\/wp\/v2\/categories?post=100293"},{"taxonomy":"post_tag","embeddable":true,"href":"https:\/\/zjarr.tv\/en\/wp-json\/wp\/v2\/tags?post=100293"}],"curies":[{"name":"wp","href":"https:\/\/api.w.org\/{rel}","templated":true}]}}