{"id":100301,"date":"2019-08-03T19:20:28","date_gmt":"2019-08-03T17:20:28","guid":{"rendered":"https:\/\/zjarr.tv\/?p=100301"},"modified":"2019-08-03T17:55:55","modified_gmt":"2019-08-03T15:55:55","slug":"isa-mustafa-rizgjidhet-edhe-per-nje-mandat-ne-krye-te-ldk-se","status":"publish","type":"post","link":"https:\/\/zjarr.tv\/en\/isa-mustafa-rizgjidhet-edhe-per-nje-mandat-ne-krye-te-ldk-se\/","title":{"rendered":"Isa Mustafa rizgjidhet edhe p\u00ebr nj\u00eb mandat n\u00eb krye t\u00eb LDK-s\u00eb"},"content":{"rendered":"<p>&nbsp;<\/p>\n<p>Lidhja Demokratike e Kosov\u00ebs, n\u00eb Kuvendin e n\u00ebnt\u00eb zgjedhor, ka zgjedhur me aklamacion Isa Mustaf\u00ebn n\u00eb mandatin e tret\u00eb p\u00ebr kryetar, i cili ishte edhe kandidati i vet\u00ebm p\u00ebr udh\u00ebheqjen e partis\u00eb.<\/p>\n<p>Fatmir Sejdiu, ish kryetar i Lidhjes Demokratike t\u00eb Kosov\u00ebs, post t\u00eb cilin e kishte trash\u00ebguar nga ish presidenti Ibrahim Rugova, ka shprehur pak\u00ebnaq\u00ebsi p\u00ebr Kuvendin e n\u00ebnt\u00eb zgjedhor t\u00eb LDK-s\u00eb, pasi q\u00eb nuk arriti t\u00eb kandidohet n\u00eb gar\u00ebn p\u00ebr kryetar.<\/p>\n<p>\u201cUn\u00eb them se me k\u00ebt\u00eb m\u00ebnyr\u00eb t\u00eb pun\u00ebs, me k\u00ebt\u00eb ngecje, me k\u00ebt\u00eb m\u00ebnyr\u00eb t\u00eb munges\u00ebs s\u00eb guximit t\u00eb njer\u00ebzve q\u00eb nuk kan\u00eb mund\u00ebsi p\u00ebr fjal\u00ebn e lir\u00eb, un\u00eb nuk i mb\u00ebshtes. K\u00ebt\u00eb e kemi shenj\u00eb t\u00eb keqe. Kam provuar dit\u00ebve t\u00eb fundit q\u00eb t\u00eb kem kontakte me kryetarin e partis\u00eb, n\u00ebnkryetar\u00ebt rreth asaj p\u00ebr kryetarin konsensual. Un\u00eb kam tentuar q\u00eb t\u00eb kem p\u00ebrgjigje, por nuk e kam\u00eb marr\u00eb nj\u00eb t\u00eb till\u00eb\u201d, ka dekalruar Sejdiu.<\/p>\n<p>Edhe deputetja e LDK-s\u00eb, Melihate Termkolli, tha se beson q\u00eb k\u00eb pasur kusht\u00ebzime p\u00ebr rizgjedhjen e kryetarit t\u00eb ri t\u00eb partis\u00eb.<\/p>\n<p>\u201cKjo u pa qart\u00eb, edhe Fatmir Sejdiut e ndoshta edhe dikujt tjet\u00ebr q\u00eb ka pasur d\u00ebshir\u00eb t\u00eb kandidoj\u00eb, iu \u00ebsht\u00eb mohuar, kjo \u00ebsht\u00eb nj\u00eb metod\u00eb q\u00eb e kan\u00eb p\u00ebrdorur sh\u00ebrbimet e fshehta, kam frik\u00eb q\u00eb I kan\u00eb frik\u00ebsuar edhe delegat\u00ebt\u201d, tha Termkolli.<\/p>\n<p>Kuvendi zgjedhor i LDK-s\u00eb po mbahet me dyer t\u00eb mbyllura.<\/p>\n<p>LDK njihet si parti q\u00eb p\u00ebrpiqet t\u00eb trash\u00ebgoj\u00eb frym\u00ebn politike t\u00eb liderit dhe themeluesit t\u00eb saj, Ibrahim Rugova<\/p>\n<p>&nbsp;<\/p>","protected":false},"excerpt":{"rendered":"<p>&nbsp; Lidhja Demokratike e Kosov\u00ebs, n\u00eb Kuvendin e n\u00ebnt\u00eb zgjedhor, ka zgjedhur me aklamacion Isa Mustaf\u00ebn n\u00eb mandatin e tret\u00eb p\u00ebr kryetar, i cili ishte edhe kandidati i vet\u00ebm p\u00ebr udh\u00ebheqjen e partis\u00eb. Fatmir Sejdiu, ish kryetar i Lidhjes Demokratike t\u00eb Kosov\u00ebs, post t\u00eb cilin e kishte trash\u00ebguar nga ish presidenti Ibrahim Rugova, ka shprehur [&hellip;]<\/p>\n","protected":false},"author":2013,"featured_media":100302,"comment_status":"open","ping_status":"closed","sticky":false,"template":"","format":"standard","meta":{"footnotes":""},"categories":[241,2],"tags":[],"class_list":{"0":"post-100301","1":"post","2":"type-post","3":"status-publish","4":"format-standard","5":"has-post-thumbnail","7":"category-aktualitet","8":"category-rajoni"},"_links":{"self":[{"href":"https:\/\/zjarr.tv\/en\/wp-json\/wp\/v2\/posts\/100301","targetHints":{"allow":["GET"]}}],"collection":[{"href":"https:\/\/zjarr.tv\/en\/wp-json\/wp\/v2\/posts"}],"about":[{"href":"https:\/\/zjarr.tv\/en\/wp-json\/wp\/v2\/types\/post"}],"author":[{"embeddable":true,"href":"https:\/\/zjarr.tv\/en\/wp-json\/wp\/v2\/users\/2013"}],"replies":[{"embeddable":true,"href":"https:\/\/zjarr.tv\/en\/wp-json\/wp\/v2\/comments?post=100301"}],"version-history":[{"count":0,"href":"https:\/\/zjarr.tv\/en\/wp-json\/wp\/v2\/posts\/100301\/revisions"}],"wp:featuredmedia":[{"embeddable":true,"href":"https:\/\/zjarr.tv\/en\/wp-json\/wp\/v2\/media\/100302"}],"wp:attachment":[{"href":"https:\/\/zjarr.tv\/en\/wp-json\/wp\/v2\/media?parent=100301"}],"wp:term":[{"taxonomy":"category","embeddable":true,"href":"https:\/\/zjarr.tv\/en\/wp-json\/wp\/v2\/categories?post=100301"},{"taxonomy":"post_tag","embeddable":true,"href":"https:\/\/zjarr.tv\/en\/wp-json\/wp\/v2\/tags?post=100301"}],"curies":[{"name":"wp","href":"https:\/\/api.w.org\/{rel}","templated":true}]}}