{"id":100351,"date":"2019-08-03T18:12:35","date_gmt":"2019-08-03T16:12:35","guid":{"rendered":"https:\/\/zjarr.tv\/?p=100351"},"modified":"2019-08-03T18:12:35","modified_gmt":"2019-08-03T16:12:35","slug":"basha-nga-puka-babezia-e-rames-e-ktheu-vendin-ne-mocal-varferie-dhe-mjerimi","status":"publish","type":"post","link":"https:\/\/zjarr.tv\/en\/basha-nga-puka-babezia-e-rames-e-ktheu-vendin-ne-mocal-varferie-dhe-mjerimi\/","title":{"rendered":"Basha nga Puka: Bab\u00ebzia e Ram\u00ebs e ktheu vendin n\u00eb mo\u00e7al varf\u00ebrie dhe mjerimi"},"content":{"rendered":"<p>&nbsp;<\/p>\n<p>N\u00eb Puk\u00eb, n\u00eb takimin me strukturat lokale t\u00eb PD, kreu i opozit\u00ebs Lulzim Basha, u fokusua tek d\u00ebmi q\u00eb qeveria e Edi Ram\u00ebs i ka shkaktuar vendit dhe familjeve shqiptare k\u00ebto 6 vjet.<\/p>\n<p>\u201cOrganizata e strukturuar kriminale e rilindjes, e shnd\u00ebrroi vendin n\u00eb nj\u00eb mo\u00e7al t\u00eb papun\u00ebsis\u00eb e t\u00eb mjerimit, ku nuk ka m\u00eb as pun\u00ebsim, as shanse p\u00ebr rinin\u00eb, madje as krijim t\u00eb familjeve t\u00eb reja, si\u00e7 informohem me shum\u00eb trishtim se po ndodh n\u00eb Puk\u00eb e n\u00eb t\u00eb gjith\u00eb vendin&#8221;,\u00a0u shpreh\u00a0Basha.<\/p>\n<p>Duke e cil\u00ebsuar Parlamentin si landfillin e Republik\u00ebs, Kryetari i Partis\u00eb Demokratike tha se \u00e7do vendim i marr\u00eb prej tij, \u00ebsht\u00eb kund\u00ebr interesit publik.<\/p>\n<p>\u201cJan\u00eb vendime p\u00ebr t\u00eb vjedhur buxhetin, p\u00ebr t\u00eb vjedhur pasurit\u00eb e vendit, p\u00ebr t\u00eb vjedhur pyjet, malet, lumenjt\u00eb, mineralet, naft\u00ebn, bregdetin, me PPP, koncesione, tendera. Kan\u00eb shpikur gjith\u00ebfar\u00eb m\u00ebnyrash vet\u00ebm nj\u00eb q\u00ebllim: vjedhjen dhe grabitjen e pasurive t\u00eb shqiptar\u00ebve, vjedhjen dhe grabitjen e taksave t\u00eb shqiptar\u00ebve, p\u00ebr hesap t\u00eb 5 bandave kriminale dhe 5 oligark\u00ebve, q\u00eb p\u00ebrb\u00ebjn\u00eb qeverin\u00eb e v\u00ebrtet\u00eb t\u00eb hajdutit psiqik Edi Rama&#8221;, theksoi kreu i opozit\u00ebs.<\/p>\n<p>Lulzim Basha tha se varf\u00ebria \u00ebsht\u00eb produkti i qeverisjes s\u00eb Edi Ram\u00ebs.<\/p>\n<p>\u201cHajdut\u00ebria, bab\u00ebzia dhe grabitja e shfrenuar q\u00eb Rama dhe banda e tij i b\u00ebjn\u00eb Shqip\u00ebris\u00eb kan\u00eb prodhuar papun\u00ebsi ekstreme, koston e jetes\u00ebs m\u00eb t\u00eb lart\u00eb n\u00eb rajon, t\u00eb ardhurat m\u00eb t\u00eb ul\u00ebta p\u00ebr frym\u00eb, \u00e7mimet baz\u00eb t\u00eb naft\u00ebs, energjis\u00eb, t\u00eb ujit, taksat n\u00eb nivelet m\u00eb t\u00eb larta t\u00eb rajonit&#8221;, u shpreh Basha n\u00eb Puk\u00eb, ku falenderoi qytetar\u00ebt e saj q\u00eb, pavar\u00ebsisht presionit t\u00eb familjes kriminale Frroku dhe ushtarit t\u00eb tyre, Gjon Gjonaj; u b\u00ebn\u00eb pjes\u00eb e refuzimit komb\u00ebtar t\u00eb Edi Ram\u00ebs.<\/p>\n<p>\u201cAshtu si\u00e7 pat\u00ebm paralajm\u00ebruar, 30 qershori u kthye n\u00eb nj\u00eb referendum komb\u00ebtar \u201cRama ik\u201d, u kthye n\u00eb nj\u00eb varrez\u00eb politike t\u00eb organizat\u00ebs kriminale dhe hajdute t\u00eb Rilindjes. 85 % e shqiptar\u00ebve treguan p\u00ebrmasat e v\u00ebrteta t\u00eb shumic\u00ebs s\u00eb re n\u00eb vend, t\u00eb shumic\u00ebs \u201cRama ik\u201d. Ka ardhur koha ta shporrim k\u00ebt\u00eb pakic\u00eb kriminale nga Puka dhe nga gjith\u00eb Shqip\u00ebria&#8221;,\u00a0theksoi Kryetari i PD, Lulzim Basha.<\/p>\n<p>&nbsp;<\/p>","protected":false},"excerpt":{"rendered":"<p>&nbsp; N\u00eb Puk\u00eb, n\u00eb takimin me strukturat lokale t\u00eb PD, kreu i opozit\u00ebs Lulzim Basha, u fokusua tek d\u00ebmi q\u00eb qeveria e Edi Ram\u00ebs i ka shkaktuar vendit dhe familjeve shqiptare k\u00ebto 6 vjet. \u201cOrganizata e strukturuar kriminale e rilindjes, e shnd\u00ebrroi vendin n\u00eb nj\u00eb mo\u00e7al t\u00eb papun\u00ebsis\u00eb e t\u00eb mjerimit, ku nuk ka m\u00eb [&hellip;]<\/p>\n","protected":false},"author":2013,"featured_media":100352,"comment_status":"open","ping_status":"closed","sticky":false,"template":"","format":"standard","meta":{"footnotes":""},"categories":[241,235],"tags":[],"class_list":{"0":"post-100351","1":"post","2":"type-post","3":"status-publish","4":"format-standard","5":"has-post-thumbnail","7":"category-aktualitet","8":"category-vendi"},"_links":{"self":[{"href":"https:\/\/zjarr.tv\/en\/wp-json\/wp\/v2\/posts\/100351","targetHints":{"allow":["GET"]}}],"collection":[{"href":"https:\/\/zjarr.tv\/en\/wp-json\/wp\/v2\/posts"}],"about":[{"href":"https:\/\/zjarr.tv\/en\/wp-json\/wp\/v2\/types\/post"}],"author":[{"embeddable":true,"href":"https:\/\/zjarr.tv\/en\/wp-json\/wp\/v2\/users\/2013"}],"replies":[{"embeddable":true,"href":"https:\/\/zjarr.tv\/en\/wp-json\/wp\/v2\/comments?post=100351"}],"version-history":[{"count":0,"href":"https:\/\/zjarr.tv\/en\/wp-json\/wp\/v2\/posts\/100351\/revisions"}],"wp:featuredmedia":[{"embeddable":true,"href":"https:\/\/zjarr.tv\/en\/wp-json\/wp\/v2\/media\/100352"}],"wp:attachment":[{"href":"https:\/\/zjarr.tv\/en\/wp-json\/wp\/v2\/media?parent=100351"}],"wp:term":[{"taxonomy":"category","embeddable":true,"href":"https:\/\/zjarr.tv\/en\/wp-json\/wp\/v2\/categories?post=100351"},{"taxonomy":"post_tag","embeddable":true,"href":"https:\/\/zjarr.tv\/en\/wp-json\/wp\/v2\/tags?post=100351"}],"curies":[{"name":"wp","href":"https:\/\/api.w.org\/{rel}","templated":true}]}}