{"id":101129,"date":"2019-08-10T10:47:52","date_gmt":"2019-08-10T08:47:52","guid":{"rendered":"https:\/\/zjarr.tv\/?p=101129"},"modified":"2019-08-10T10:47:52","modified_gmt":"2019-08-10T08:47:52","slug":"video-iii-ne-m-e-veriut-implikimi-i-kryeprokurores-dhe-emri-i-zaev","status":"publish","type":"post","link":"https:\/\/zjarr.tv\/en\/video-iii-ne-m-e-veriut-implikimi-i-kryeprokurores-dhe-emri-i-zaev\/","title":{"rendered":"Video III n\u00eb M. e Veriut\/ Implikimi i kryeprokurores dhe emri i Zaev"},"content":{"rendered":"<p>Media italiane \u201cLa Verita\u201d ka publikuar nje tjeter video, te treten ne radhe per \u201cReket\u201d, ku mes te tjerash d\u00ebgjohet Bojan Jovanovski \u2013 Boki 13, Jordan Kam\u00e7ev dhe si\u00e7 thot\u00eb gazetari italian edhe Katica Janeva, e cila thuhet \u00ebsht\u00eb n\u00eb komunikim t\u00eb vazhduesh\u00ebm. Nga biseda si\u00e7 theksohet d\u00ebgjohet se si Janeva i thot\u00eb Kam\u00e7evit se prokurorja Lile Stefanovska q\u00eb ka rastin \u201cPerandoria\u201d \u00ebsht\u00eb n\u00ebn kontrollin e saj.<\/p>\n<p>Gazetari italian p\u00ebrmend edhe njohjen e Bokit 13 me kryeministrin Zoran Zaev dhe emri i k\u00ebtij t\u00eb fundit p\u00ebrmendet se \u00ebsht\u00eb n\u00eb koordinim me Boki 13. N\u00eb audiop\u00ebrgjim tregohet sesi Bojan Jovanovski, Jordan Kamcev dhe Katica Janeva, t\u00eb cil\u00ebt si duket tashm\u00eb jan\u00eb n\u00eb komunikim t\u00eb vazhduesh\u00ebm, jan\u00eb n\u00eb dijeni si do t\u00eb shkoj\u00eb e gjith\u00eb procedura p\u00ebr \u00e7\u00ebshtjen \u201cPerandoria\u201d n\u00eb t\u00eb cil\u00ebn biznesmeni Kam\u00e7ev \u00ebsht\u00eb nj\u00eb nga t\u00eb dyshuarit e par\u00eb.<\/p>\n<p>N\u00eb bised\u00eb d\u00ebgjohet prokurorja speciale Katica Janeva q\u00eb i thot\u00eb Kam\u00e7evit se Lile Stefanova, prokurore n\u00eb \u00e7\u00ebshtjen \u201cPerandoria\u201d, \u00ebsht\u00eb n\u00eb kontrollin e saj. \u201cJam shum\u00eb e z\u00ebn\u00eb p\u00ebr ta mbajtur at\u00eb n\u00ebn kontroll rregullisht. P\u00ebrndryshe, asgj\u00eb nuk mund t\u00eb ndodh\u00eb pa mua, \u201ci thot\u00eb prokurorja special Katica Janeva biznesmenit Jordan (Orce) Kam\u00e7ev.<\/p>\n<p>Bojan Jovanovski thot\u00eb se Kam\u00e7ev ka frik\u00eb nga Stefanova. Kuptohet mir\u00eb q\u00eb prokuroria duhet t\u00eb ket\u00eb nd\u00ebrmarr\u00eb ndonj\u00eb veprim p\u00ebr k\u00ebt\u00eb rast n\u00eb prill, k\u00ebshtu q\u00eb jan\u00eb thirrur disa d\u00ebshmitar\u00eb, p\u00ebr t\u00eb cil\u00ebt Kam\u00e7ev ka shprehur shqet\u00ebsim.<\/p>\n<p>Por pasi biseduan me Janev\u00ebn ata e kuptojn\u00eb se \u00ebsht\u00eb nj\u00eb \u00e7\u00ebshtje teknike, nj\u00eb make-up.<br \/>\nGazetari italian p\u00ebrmend edhe njohjen e Bokit 13 me kryeministrin Zoran Zaev, dhe n\u00eb audiop\u00ebrgjim Boki 13 i konfirmon Kam\u00e7evit se do t\u2019i \u201cnjollos\u00eb\u201d syt\u00eb.<\/p>\n<p>Boki 13, p\u00ebrve\u00e7 koordinimit me shefen e PSP-s\u00eb, Katica Janeva, ishte gjithashtu n\u00eb koordinim me \u00e7\u00ebshtjen \u201cReket\u201d dhe me Kryeministrin e Maqedonis\u00eb Zoran Zaev, boton gazet\u00ebn italiane \u201cLa Verita\u201d.<\/p>\n<p><strong>Disa nga bisedat:<\/strong><br \/>\nBJ: Nes\u00ebr do t\u00eb takohem me t\u00eb.<br \/>\nJK: Me Dejan?<br \/>\nBJ: Jo<br \/>\nJK: Me lepurin?<br \/>\nBH: Me Zokin.<br \/>\nJK: Me Zokin?<br \/>\nBJ: Me Zaev.<br \/>\nJa videoja e tret\u00eb e shp\u00ebrndar\u00eb n\u00eb mediat n\u00eb Maqedonin\u00eb e Veriut.<\/p>","protected":false},"excerpt":{"rendered":"<p>Media italiane \u201cLa Verita\u201d ka publikuar nje tjeter video, te treten ne radhe per \u201cReket\u201d, ku mes te tjerash d\u00ebgjohet Bojan Jovanovski \u2013 Boki 13, Jordan Kam\u00e7ev dhe si\u00e7 thot\u00eb gazetari italian edhe Katica Janeva, e cila thuhet \u00ebsht\u00eb n\u00eb komunikim t\u00eb vazhduesh\u00ebm. Nga biseda si\u00e7 theksohet d\u00ebgjohet se si Janeva i thot\u00eb Kam\u00e7evit se [&hellip;]<\/p>\n","protected":false},"author":4,"featured_media":101130,"comment_status":"open","ping_status":"closed","sticky":false,"template":"","format":"standard","meta":{"footnotes":""},"categories":[241,231,2,235],"tags":[],"class_list":{"0":"post-101129","1":"post","2":"type-post","3":"status-publish","4":"format-standard","5":"has-post-thumbnail","7":"category-aktualitet","8":"category-lajme","9":"category-rajoni","10":"category-vendi"},"_links":{"self":[{"href":"https:\/\/zjarr.tv\/en\/wp-json\/wp\/v2\/posts\/101129","targetHints":{"allow":["GET"]}}],"collection":[{"href":"https:\/\/zjarr.tv\/en\/wp-json\/wp\/v2\/posts"}],"about":[{"href":"https:\/\/zjarr.tv\/en\/wp-json\/wp\/v2\/types\/post"}],"author":[{"embeddable":true,"href":"https:\/\/zjarr.tv\/en\/wp-json\/wp\/v2\/users\/4"}],"replies":[{"embeddable":true,"href":"https:\/\/zjarr.tv\/en\/wp-json\/wp\/v2\/comments?post=101129"}],"version-history":[{"count":0,"href":"https:\/\/zjarr.tv\/en\/wp-json\/wp\/v2\/posts\/101129\/revisions"}],"wp:featuredmedia":[{"embeddable":true,"href":"https:\/\/zjarr.tv\/en\/wp-json\/wp\/v2\/media\/101130"}],"wp:attachment":[{"href":"https:\/\/zjarr.tv\/en\/wp-json\/wp\/v2\/media?parent=101129"}],"wp:term":[{"taxonomy":"category","embeddable":true,"href":"https:\/\/zjarr.tv\/en\/wp-json\/wp\/v2\/categories?post=101129"},{"taxonomy":"post_tag","embeddable":true,"href":"https:\/\/zjarr.tv\/en\/wp-json\/wp\/v2\/tags?post=101129"}],"curies":[{"name":"wp","href":"https:\/\/api.w.org\/{rel}","templated":true}]}}