{"id":101138,"date":"2019-08-10T10:59:40","date_gmt":"2019-08-10T08:59:40","guid":{"rendered":"https:\/\/zjarr.tv\/?p=101138"},"modified":"2019-08-10T11:00:00","modified_gmt":"2019-08-10T09:00:00","slug":"101138-2","status":"publish","type":"post","link":"https:\/\/zjarr.tv\/en\/101138-2\/","title":{"rendered":"Meta b\u00ebn shqiponj\u00ebn n\u00eb 1850 m lart\u00ebsi, urimi p\u00ebr shqiptar\u00ebt"},"content":{"rendered":"<p>Presidenti i Republik\u00ebs Ilir Meta ka p\u00ebrsh\u00ebndetur m\u00ebngjesin e sot\u00ebm nga 1850 met\u00ebr lart\u00ebsi. Mbi nj\u00eb uj\u00ebvar\u00eb n\u00eb bjeshk\u00ebt e Prevall\u00ebs, Meta b\u00ebn simbolin e shqiponj\u00ebs me duar dhe iu uron shqiptar\u00ebve nj\u00eb fundjave t\u00eb mbar\u00eb.<\/p>\n<p>\u201cMir\u00ebm\u00ebngjes t\u00eb dashur miq! Nga kjo uj\u00ebvar\u00eb e Bjeshk\u00ebve t\u00eb Prevall\u00ebs, n\u00eb lart\u00ebsin\u00eb 1850 m, ju uroj t\u00eb kaloni nj\u00eb fundjav\u00eb t\u00eb mbar\u00eb e t\u00eb g\u00ebzueshme me familjet dhe miqt\u00eb tuaj!\u201d, shkruan Meta.<\/p>\n<div id=\"sticky-video--placeholder\"><a href=\"https:\/\/zjarr.tv\/wp-content\/uploads\/2019\/08\/Meta-fb-2.png\"><img loading=\"lazy\" decoding=\"async\" class=\"alignnone size-full wp-image-101139\" src=\"https:\/\/zjarr.tv\/wp-content\/uploads\/2019\/08\/Meta-fb-2.png\" alt=\"\" width=\"486\" height=\"565\" srcset=\"https:\/\/zjarr.tv\/wp-content\/uploads\/2019\/08\/Meta-fb-2.png 486w, https:\/\/zjarr.tv\/wp-content\/uploads\/2019\/08\/Meta-fb-2-258x300.png 258w, https:\/\/zjarr.tv\/wp-content\/uploads\/2019\/08\/Meta-fb-2-361x420.png 361w\" sizes=\"auto, (max-width: 486px) 100vw, 486px\" \/><\/a><\/div>","protected":false},"excerpt":{"rendered":"<p>Presidenti i Republik\u00ebs Ilir Meta ka p\u00ebrsh\u00ebndetur m\u00ebngjesin e sot\u00ebm nga 1850 met\u00ebr lart\u00ebsi. Mbi nj\u00eb uj\u00ebvar\u00eb n\u00eb bjeshk\u00ebt e Prevall\u00ebs, Meta b\u00ebn simbolin e shqiponj\u00ebs me duar dhe iu uron shqiptar\u00ebve nj\u00eb fundjave t\u00eb mbar\u00eb. \u201cMir\u00ebm\u00ebngjes t\u00eb dashur miq! Nga kjo uj\u00ebvar\u00eb e Bjeshk\u00ebve t\u00eb Prevall\u00ebs, n\u00eb lart\u00ebsin\u00eb 1850 m, ju uroj t\u00eb kaloni [&hellip;]<\/p>\n","protected":false},"author":4,"featured_media":101141,"comment_status":"open","ping_status":"closed","sticky":false,"template":"","format":"standard","meta":{"footnotes":""},"categories":[241,231,235],"tags":[],"class_list":{"0":"post-101138","1":"post","2":"type-post","3":"status-publish","4":"format-standard","5":"has-post-thumbnail","7":"category-aktualitet","8":"category-lajme","9":"category-vendi"},"_links":{"self":[{"href":"https:\/\/zjarr.tv\/en\/wp-json\/wp\/v2\/posts\/101138","targetHints":{"allow":["GET"]}}],"collection":[{"href":"https:\/\/zjarr.tv\/en\/wp-json\/wp\/v2\/posts"}],"about":[{"href":"https:\/\/zjarr.tv\/en\/wp-json\/wp\/v2\/types\/post"}],"author":[{"embeddable":true,"href":"https:\/\/zjarr.tv\/en\/wp-json\/wp\/v2\/users\/4"}],"replies":[{"embeddable":true,"href":"https:\/\/zjarr.tv\/en\/wp-json\/wp\/v2\/comments?post=101138"}],"version-history":[{"count":0,"href":"https:\/\/zjarr.tv\/en\/wp-json\/wp\/v2\/posts\/101138\/revisions"}],"wp:featuredmedia":[{"embeddable":true,"href":"https:\/\/zjarr.tv\/en\/wp-json\/wp\/v2\/media\/101141"}],"wp:attachment":[{"href":"https:\/\/zjarr.tv\/en\/wp-json\/wp\/v2\/media?parent=101138"}],"wp:term":[{"taxonomy":"category","embeddable":true,"href":"https:\/\/zjarr.tv\/en\/wp-json\/wp\/v2\/categories?post=101138"},{"taxonomy":"post_tag","embeddable":true,"href":"https:\/\/zjarr.tv\/en\/wp-json\/wp\/v2\/tags?post=101138"}],"curies":[{"name":"wp","href":"https:\/\/api.w.org\/{rel}","templated":true}]}}