{"id":101147,"date":"2019-08-10T11:11:32","date_gmt":"2019-08-10T09:11:32","guid":{"rendered":"https:\/\/zjarr.tv\/?p=101147"},"modified":"2019-08-10T11:11:32","modified_gmt":"2019-08-10T09:11:32","slug":"veseli-kufijte-e-kosoves-te-shenjte-dhe-te-paprekshem","status":"publish","type":"post","link":"https:\/\/zjarr.tv\/en\/veseli-kufijte-e-kosoves-te-shenjte-dhe-te-paprekshem\/","title":{"rendered":"Veseli: Kufijt\u00eb e Kosov\u00ebs, t\u00eb shenjt\u00eb dhe t\u00eb papreksh\u00ebm"},"content":{"rendered":"<p>Kryetari i Kuvendit t\u00eb Republik\u00ebs s\u00eb Kosov\u00ebs, Kadri Veseli, ka th\u00ebn\u00eb sot n\u00eb ceremonin\u00eb e certifikimit t\u00eb rekrut\u00ebve t\u00eb rinj t\u00eb Ushtris\u00eb s\u00eb Kosov\u00ebs, se shtetin nuk e k\u00ebrc\u00ebnon ask\u00ebnd, por as nuk do t\u00eb lejoj\u00eb ask\u00ebnd ta cenoj\u00eb at\u00eb.<\/p>\n<p>Ai tha se integriteti territorial dhe kufijt\u00eb e shtetit ton\u00eb jan\u00eb t\u00eb shenjt\u00eb, t\u00eb papreksh\u00ebm, sot dhe p\u00ebrgjithmon\u00eb.<\/p>\n<p>Para kadet\u00ebve t\u00eb rinj, kryeparlamentari Veseli e konsideroi dit\u00ebn e sotme dit\u00eb krenarie p\u00ebr t\u00eb gjith\u00eb, nd\u00ebrsa t\u00eb qenit pjes\u00ebtar\u00eb t\u00eb ushtris\u00eb m\u00eb t\u00eb re n\u00eb bot\u00eb, ai e cil\u00ebsoi privilegj p\u00ebr t\u00eb cilin do t\u00eb ken\u00eb lakmi gjeneratat q\u00eb do t\u00eb vijn\u00eb pas.<\/p>\n<p>\u201cJ<em>u jeni pjes\u00eb e nj\u00eb force mbrojt\u00ebse, t\u00eb lindur e zhvilluar n\u00eb partneritet me NATO-n, Aleanc\u00ebn m\u00eb t\u00eb fuqishme n\u00eb bot\u00eb, garantuese e vlerave t\u00eb liris\u00eb dhe demokracis\u00eb. Ne sot ndihemi krenar\u00eb me ju. Ne besojm\u00eb n\u00eb p\u00ebrkushtimin atdhetar dhe profesionalizmin tuaj. Ju e keni nderuar atdheun kudo q\u00eb keni marr\u00eb pjes\u00eb n\u00eb garat nd\u00ebrkomb\u00ebtare, nj\u00ebsoj si sportist\u00ebt tan\u00eb. Ju u keni d\u00ebshmuar aleat\u00ebve tan\u00eb seriozitetin dhe gatishm\u00ebrin\u00eb ton\u00eb p\u00ebr t\u00eb qen\u00eb pjes\u00eb e misioneve t\u00eb p\u00ebrbashk\u00ebta n\u00eb t\u00eb mir\u00eb t\u00eb paqes e njer\u00ebzimit. Me ju Kosova ndihet m\u00eb e sigurt n\u00eb t\u00eb tashmen dhe t\u00eb ardhmen e saj<\/em>\u201d, theksoi Veseli.<\/p>\n<p>Ai shtoi se Kosova po nd\u00ebrton nj\u00eb ushtri e cila pasqyron shpirtin liridash\u00ebs t\u00eb popullit ton\u00eb, vlerat mbi t\u00eb cilat q\u00ebndron shteti i pavarur e sovran i Kosov\u00ebs dhe vizionin ton\u00eb p\u00ebr t\u00eb marr\u00eb vendin q\u00eb na takon n\u00eb strukturat politike dhe ushtarake per\u00ebndimore.<\/p>\n<p><em>\u201cUshtria e Kosov\u00ebs \u00ebsht\u00eb sot element i domosdosh\u00ebm i stabilitetit dhe paqes n\u00eb rajon. Ushtria e Kosov\u00ebs do t\u00eb vazhdoj\u00eb procesin e fuqizimit e profesionalizimit t\u00eb saj, p\u00ebr tu b\u00ebr\u00eb gati p\u00ebr faz\u00ebn e an\u00ebtar\u00ebsimit n\u00eb NATO\u201d,<\/em>\u00a0theksoi Veseli, duke paralajm\u00ebruar rritjen e buxhetit p\u00ebr ushtrin\u00eb, raporton Rtk.<\/p>\n<p>Kreu i Kuvendit tha se ka nj\u00eb \u00ebnd\u00ebrr p\u00ebr ta b\u00ebr\u00eb Kosov\u00ebn vend t\u00eb zhvilluar, e t\u00eb begatsh\u00ebm p\u00ebr t\u00eb gjith\u00eb qytetar\u00ebt e saj.<\/p>\n<p><em>\u201cNe do t\u2019ia dalim, si\u00e7 ia kemi dal\u00eb gjithmon\u00eb. Kosova ka ve\u00e7 nj\u00eb rrug\u00eb: rrug\u00ebn p\u00ebrpara, zhvillim ekonomik, fuqizim t\u00eb shtetit, integrim n\u00eb NATO dhe BE. S\u2019ka rrug\u00eb tjet\u00ebr dhe s\u2019do ta lejojm\u00eb ask\u00ebnd t\u00eb na orientoj\u00eb tjet\u00ebrkah\u201d<\/em>, theksoi Veseli.<\/p>\n<p>&nbsp;<\/p>","protected":false},"excerpt":{"rendered":"<p>Kryetari i Kuvendit t\u00eb Republik\u00ebs s\u00eb Kosov\u00ebs, Kadri Veseli, ka th\u00ebn\u00eb sot n\u00eb ceremonin\u00eb e certifikimit t\u00eb rekrut\u00ebve t\u00eb rinj t\u00eb Ushtris\u00eb s\u00eb Kosov\u00ebs, se shtetin nuk e k\u00ebrc\u00ebnon ask\u00ebnd, por as nuk do t\u00eb lejoj\u00eb ask\u00ebnd ta cenoj\u00eb at\u00eb. Ai tha se integriteti territorial dhe kufijt\u00eb e shtetit ton\u00eb jan\u00eb t\u00eb shenjt\u00eb, t\u00eb papreksh\u00ebm, [&hellip;]<\/p>\n","protected":false},"author":4,"featured_media":68784,"comment_status":"open","ping_status":"closed","sticky":false,"template":"","format":"standard","meta":{"footnotes":""},"categories":[241,231,2],"tags":[],"class_list":{"0":"post-101147","1":"post","2":"type-post","3":"status-publish","4":"format-standard","5":"has-post-thumbnail","7":"category-aktualitet","8":"category-lajme","9":"category-rajoni"},"_links":{"self":[{"href":"https:\/\/zjarr.tv\/en\/wp-json\/wp\/v2\/posts\/101147","targetHints":{"allow":["GET"]}}],"collection":[{"href":"https:\/\/zjarr.tv\/en\/wp-json\/wp\/v2\/posts"}],"about":[{"href":"https:\/\/zjarr.tv\/en\/wp-json\/wp\/v2\/types\/post"}],"author":[{"embeddable":true,"href":"https:\/\/zjarr.tv\/en\/wp-json\/wp\/v2\/users\/4"}],"replies":[{"embeddable":true,"href":"https:\/\/zjarr.tv\/en\/wp-json\/wp\/v2\/comments?post=101147"}],"version-history":[{"count":0,"href":"https:\/\/zjarr.tv\/en\/wp-json\/wp\/v2\/posts\/101147\/revisions"}],"wp:featuredmedia":[{"embeddable":true,"href":"https:\/\/zjarr.tv\/en\/wp-json\/wp\/v2\/media\/68784"}],"wp:attachment":[{"href":"https:\/\/zjarr.tv\/en\/wp-json\/wp\/v2\/media?parent=101147"}],"wp:term":[{"taxonomy":"category","embeddable":true,"href":"https:\/\/zjarr.tv\/en\/wp-json\/wp\/v2\/categories?post=101147"},{"taxonomy":"post_tag","embeddable":true,"href":"https:\/\/zjarr.tv\/en\/wp-json\/wp\/v2\/tags?post=101147"}],"curies":[{"name":"wp","href":"https:\/\/api.w.org\/{rel}","templated":true}]}}