{"id":101152,"date":"2019-08-10T12:06:29","date_gmt":"2019-08-10T10:06:29","guid":{"rendered":"https:\/\/zjarr.tv\/?p=101152"},"modified":"2019-08-10T12:06:29","modified_gmt":"2019-08-10T10:06:29","slug":"paligjshmeri-te-karburantet-brace-subjekteve-paguani-detyrimet","status":"publish","type":"post","link":"https:\/\/zjarr.tv\/en\/paligjshmeri-te-karburantet-brace-subjekteve-paguani-detyrimet\/","title":{"rendered":"\u201cPaligjshm\u00ebri te karburantet\u201d, Bra\u00e7e-subjekteve: Paguani detyrimet"},"content":{"rendered":"<p style=\"line-height: 24.0pt;margin: 0in 0in 22.5pt 0in\"><span style=\"color: #18191a\">Z\u00ebvend\u00ebskryeministri, Erion Bra\u00e7e tha n\u00eb nj\u00eb komunikim p\u00ebr mediat se vijon aksioni antiinformalitet n\u00eb terren p\u00ebr t\u00eb goditur rastet abuzive n\u00eb terren. Ai tha se n\u00eb tregun e karburanteve jan\u00eb konstatuar shkelje t\u00eb r\u00ebnda, ku diferenca e litrave t\u00eb shitura dhe atyre t\u00eb padeklaruara shkon n\u00eb mij\u00ebra ton.<\/span><\/p>\n<p style=\"line-height: 24.0pt;margin: 0in 0in 22.5pt 0in\"><span style=\"color: #18191a\">Numri dy i qeveris\u00eb ftoi t\u00eb gjith\u00eb subjektet q\u00eb t\u00eb heqin dor\u00eb nga paligjshm\u00ebria, pasi n\u00eb t\u00eb kund\u00ebrt, do t\u00eb p\u00ebrballen me sanksione t\u00eb forta, p\u00ebrfshir\u00eb edhe mbylljen e tyre.<\/span><\/p>\n<p style=\"line-height: 24.0pt;text-align: start;margin: 0in 0in 22.5pt 0in\"><span style=\"color: #18191a\">\u201cDua t\u2019i p\u00ebrcjell mb\u00ebshtetjen politike t\u00eb gjith\u00eb trup\u00ebs son\u00eb tatimore, Policis\u00eb s\u00eb Shtetit,\u00a0 Inspektoriatit\u00a0 dhe AKU t\u00eb ndodhura prej dit\u00ebsh n\u00eb territor, p\u00ebrfshir\u00eb edhe n\u00eb or\u00ebt e vona p\u00ebr t\u00eb v\u00ebn\u00eb sigurin\u00eb dhe ligjin n\u00eb secilin treg. N\u00eb tregun e karburanteve vazhdon t\u00eb g\u00ebloj\u00eb paligjshm\u00ebri n\u00eb aspektin fiskal. Administrata ka zbuluar shkelje t\u00eb r\u00ebnda ligjore n\u00eb regjimin e kasave.<\/span><\/p>\n<p style=\"line-height: 24.0pt;text-align: start;margin: 0in 0in 22.5pt 0in\"><span style=\"color: #18191a\">N\u00eb tregun e karburanteve ka evazion fiskal, dhe diferencat e litrave shkojn\u00eb n\u00eb mij\u00ebra ton. Grupet e p\u00ebrbashk\u00ebta po verifikojn\u00eb \u00e7do pomp\u00eb. Dua t\u00eb mb\u00ebshtes prokuror\u00ebt n\u00eb Elbasan dhe n\u00eb Tiran\u00eb. Hetimet e tyre jan\u00eb t\u00eb r\u00ebnd\u00ebsishme p\u00ebr t\u2019i dh\u00ebn\u00eb fund k\u00ebsaj vjedhjeje. \u00a0Paguani detyrimet fiskale dhe borxhet, sepse nuk do t\u00eb shp\u00ebtoni s\u00eb paguari nga detyrimet tuaja. \u00a0Ne k\u00ebrkojm\u00eb vet\u00ebm kuptonin tatimor dhe asgj\u00eb m\u00eb shum\u00eb, kjo t\u00eb jet\u00eb konform rregullave. Ne duam q\u00eb ata t\u00eb punojn\u00eb ligj\u00ebrisht, t\u00eb fitojn\u00eb ligj\u00ebrisht dhe t\u00eb paguajn\u00eb detyrimet ligjore e fiskale. \u201c-tha Bra\u00e7e.<\/span><\/p>","protected":false},"excerpt":{"rendered":"<p>Z\u00ebvend\u00ebskryeministri, Erion Bra\u00e7e tha n\u00eb nj\u00eb komunikim p\u00ebr mediat se vijon aksioni antiinformalitet n\u00eb terren p\u00ebr t\u00eb goditur rastet abuzive n\u00eb terren. Ai tha se n\u00eb tregun e karburanteve jan\u00eb konstatuar shkelje t\u00eb r\u00ebnda, ku diferenca e litrave t\u00eb shitura dhe atyre t\u00eb padeklaruara shkon n\u00eb mij\u00ebra ton. Numri dy i qeveris\u00eb ftoi t\u00eb gjith\u00eb [&hellip;]<\/p>\n","protected":false},"author":4,"featured_media":92097,"comment_status":"open","ping_status":"closed","sticky":false,"template":"","format":"standard","meta":{"footnotes":""},"categories":[241,231,235],"tags":[],"class_list":{"0":"post-101152","1":"post","2":"type-post","3":"status-publish","4":"format-standard","5":"has-post-thumbnail","7":"category-aktualitet","8":"category-lajme","9":"category-vendi"},"_links":{"self":[{"href":"https:\/\/zjarr.tv\/en\/wp-json\/wp\/v2\/posts\/101152","targetHints":{"allow":["GET"]}}],"collection":[{"href":"https:\/\/zjarr.tv\/en\/wp-json\/wp\/v2\/posts"}],"about":[{"href":"https:\/\/zjarr.tv\/en\/wp-json\/wp\/v2\/types\/post"}],"author":[{"embeddable":true,"href":"https:\/\/zjarr.tv\/en\/wp-json\/wp\/v2\/users\/4"}],"replies":[{"embeddable":true,"href":"https:\/\/zjarr.tv\/en\/wp-json\/wp\/v2\/comments?post=101152"}],"version-history":[{"count":0,"href":"https:\/\/zjarr.tv\/en\/wp-json\/wp\/v2\/posts\/101152\/revisions"}],"wp:featuredmedia":[{"embeddable":true,"href":"https:\/\/zjarr.tv\/en\/wp-json\/wp\/v2\/media\/92097"}],"wp:attachment":[{"href":"https:\/\/zjarr.tv\/en\/wp-json\/wp\/v2\/media?parent=101152"}],"wp:term":[{"taxonomy":"category","embeddable":true,"href":"https:\/\/zjarr.tv\/en\/wp-json\/wp\/v2\/categories?post=101152"},{"taxonomy":"post_tag","embeddable":true,"href":"https:\/\/zjarr.tv\/en\/wp-json\/wp\/v2\/tags?post=101152"}],"curies":[{"name":"wp","href":"https:\/\/api.w.org\/{rel}","templated":true}]}}