{"id":101161,"date":"2019-08-10T12:32:13","date_gmt":"2019-08-10T10:32:13","guid":{"rendered":"https:\/\/zjarr.tv\/?p=101161"},"modified":"2019-08-10T12:32:13","modified_gmt":"2019-08-10T10:32:13","slug":"abuzime-me-legalizimet-ndalohet-zyrtari-i-kadastres-2-ne-kerkim","status":"publish","type":"post","link":"https:\/\/zjarr.tv\/en\/abuzime-me-legalizimet-ndalohet-zyrtari-i-kadastres-2-ne-kerkim\/","title":{"rendered":"Abuzime me legalizimet, ndalohet zyrtari i Kadastr\u00ebs, 2 n\u00eb k\u00ebrkim"},"content":{"rendered":"<p>Zbulohet nj\u00eb skem\u00eb abuzive e legalizimeve n\u00eb Durr\u00ebs, ku t\u00eb implikuar jan\u00eb disa zyrtar\u00eb. Burime zyrtare nga policia b\u00ebn\u00eb me dije se \u00ebsht\u00eb ndaluar ekonomisti pran\u00eb Agjensis\u00eb Shtet\u00ebrore t\u00eb Kadastr\u00ebs Durr\u00ebs si dhe jan\u00eb shpallur n\u00eb k\u00ebrkim Zv\/ Drejtori dhe Specialisti.<\/p>\n<div id=\"sovrn\" class=\"desktop_ad ad_bottom_space\"><ins><\/ins><\/p>\n<div id=\"onetag-wrapper-3\" class=\"sovrn-onetag-ad\">Pas nj\u00eb hetimi disa mujore, n\u00eb kuad\u00ebr t\u00eb goditjes s\u00eb veprave penale kund\u00ebr evazionit fiskal n\u00eb zonat turistike, u ndalua shtetasi me inicialet R.K., 27 vje\u00e7, banues n\u00eb Durr\u00ebs, me detyr\u00eb ekonomist. K\u00ebta persona akuzohen se kan\u00eb pajisur me leje legalizimi duke falsifikuar dokumentet dy shtetas p\u00ebr nj\u00eb sip\u00ebrfaqe 123 metra katror dhe truall 500 metra katror n\u00eb zon\u00ebn e plazhit.<\/div>\n<\/div>\n<p>Nd\u00ebrkoh\u00eb, po punohet p\u00ebr kapjen e shtetasve me inicialet A.J., 42 vje\u00e7, banues n\u00eb Durr\u00ebs, me detyr\u00eb Zv\/Drejtor pran\u00eb Agjensis\u00eb Shtet\u00ebrore t\u00eb Kadastr\u00ebs si dhe F.R., 28 vje\u00e7, banues n\u00eb Durr\u00ebs, me detyr\u00eb specialist pran\u00eb Kadastr\u00ebs.<\/p>\n<p>Tre shtetasit e m\u00ebsip\u00ebrm jan\u00eb proceduar p\u00ebr veprat penale \u201cKorrupsioni pasiv nga persona q\u00eb ushtrojn\u00eb funksione publike\u201d, \u201cShp\u00ebrdorimi t\u00eb detyr\u00ebs\u201d dhe \u201cFalsifikimi i dokumentave\u201d parashikuar n\u00eb nenet 259, 248 dhe 186\/3 t\u00eb Kodit Penal.<\/p>\n<p>Personat m\u00eb lart kan\u00eb pajisur me leje legalizimi duke falsifikuar dokumentat shtetasit Xh.N., 29 vje\u00e7, banues n\u00eb Durr\u00ebs dhe E.S., 39 vje\u00e7, banues n\u00eb Berat, t\u00eb cil\u00ebt jan\u00eb shpallur n\u00eb k\u00ebrkim dhe po punohet p\u00ebr kapjen e tyre pasi Prokuroria e Rrethit Gjyq\u00ebsor Durr\u00ebs ka nxjerr\u00eb urdh\u00ebr ndalimi p\u00ebr vepr\u00ebn penale \u201cVjedhja me pasoja t\u00eb r\u00ebnda\u201d parashikuar n\u00eb nenin 134\/3 t\u00eb Kodit Penal. Materialet i kaluan Prokuroris\u00eb s\u00eb Rrethit Gjyq\u00ebsor Durr\u00ebs p\u00ebr veprime t\u00eb m\u00ebtejshme.<\/p>","protected":false},"excerpt":{"rendered":"<p>Zbulohet nj\u00eb skem\u00eb abuzive e legalizimeve n\u00eb Durr\u00ebs, ku t\u00eb implikuar jan\u00eb disa zyrtar\u00eb. Burime zyrtare nga policia b\u00ebn\u00eb me dije se \u00ebsht\u00eb ndaluar ekonomisti pran\u00eb Agjensis\u00eb Shtet\u00ebrore t\u00eb Kadastr\u00ebs Durr\u00ebs si dhe jan\u00eb shpallur n\u00eb k\u00ebrkim Zv\/ Drejtori dhe Specialisti. Pas nj\u00eb hetimi disa mujore, n\u00eb kuad\u00ebr t\u00eb goditjes s\u00eb veprave penale kund\u00ebr evazionit [&hellip;]<\/p>\n","protected":false},"author":4,"featured_media":99057,"comment_status":"open","ping_status":"closed","sticky":false,"template":"","format":"standard","meta":{"footnotes":""},"categories":[241,231,235],"tags":[],"class_list":{"0":"post-101161","1":"post","2":"type-post","3":"status-publish","4":"format-standard","5":"has-post-thumbnail","7":"category-aktualitet","8":"category-lajme","9":"category-vendi"},"_links":{"self":[{"href":"https:\/\/zjarr.tv\/en\/wp-json\/wp\/v2\/posts\/101161","targetHints":{"allow":["GET"]}}],"collection":[{"href":"https:\/\/zjarr.tv\/en\/wp-json\/wp\/v2\/posts"}],"about":[{"href":"https:\/\/zjarr.tv\/en\/wp-json\/wp\/v2\/types\/post"}],"author":[{"embeddable":true,"href":"https:\/\/zjarr.tv\/en\/wp-json\/wp\/v2\/users\/4"}],"replies":[{"embeddable":true,"href":"https:\/\/zjarr.tv\/en\/wp-json\/wp\/v2\/comments?post=101161"}],"version-history":[{"count":0,"href":"https:\/\/zjarr.tv\/en\/wp-json\/wp\/v2\/posts\/101161\/revisions"}],"wp:featuredmedia":[{"embeddable":true,"href":"https:\/\/zjarr.tv\/en\/wp-json\/wp\/v2\/media\/99057"}],"wp:attachment":[{"href":"https:\/\/zjarr.tv\/en\/wp-json\/wp\/v2\/media?parent=101161"}],"wp:term":[{"taxonomy":"category","embeddable":true,"href":"https:\/\/zjarr.tv\/en\/wp-json\/wp\/v2\/categories?post=101161"},{"taxonomy":"post_tag","embeddable":true,"href":"https:\/\/zjarr.tv\/en\/wp-json\/wp\/v2\/tags?post=101161"}],"curies":[{"name":"wp","href":"https:\/\/api.w.org\/{rel}","templated":true}]}}