{"id":101163,"date":"2019-08-10T14:27:34","date_gmt":"2019-08-10T12:27:34","guid":{"rendered":"https:\/\/zjarr.tv\/?p=101163"},"modified":"2019-08-10T14:27:34","modified_gmt":"2019-08-10T12:27:34","slug":"lulzim-basha-nxjerr-videon-rama-sponsorizues-i-informalitetit","status":"publish","type":"post","link":"https:\/\/zjarr.tv\/en\/lulzim-basha-nxjerr-videon-rama-sponsorizues-i-informalitetit\/","title":{"rendered":"Lulzim Basha nxjerr videon: Rama sponsorizues i informalitetit"},"content":{"rendered":"<p>Kryetari i Partis\u00eb Demokratike, Lulzim Basha duke akuzuar kryeministrin\u00a0 Rama thot\u00eb se ky i fundit ka zgjedhur rrug\u00ebn e pasurimit dhe t\u00eb luksit p\u00ebr vete, nd\u00ebrsa p\u00ebr qytetar\u00ebt ka instaluar varf\u00ebri dhe pasiguri.<\/p>\n<p>Lideri demokrat me nj\u00eb reagim n\u00eb \u201cFacebook\u201d ka shp\u00ebrndar\u00eb edhe nj\u00eb video, e cila sipas tij tregon vjedhjet rekord, ku \u00ebsht\u00eb i p\u00ebrfshir\u00eb kryeministri Edi Rama. Ai thot\u00eb se Rama \u00ebsht\u00eb sponsorizuesi kryesor dhe p\u00ebrfituesi i par\u00eb i informalitetit.<\/p>\n<p><strong>Postimi i Bash\u00ebs:<\/strong><\/p>\n<p>Pasuri dhe Luks p\u00ebr vete, Papun\u00ebsi, Varf\u00ebri dhe Pasiguri p\u00ebr njer\u00ebzit. Edi Rama \u00ebsht\u00eb sponsorizuesi dhe p\u00ebrfituesi kryesor i informalitetit. Ai miratoi me ligj favore, grabitje dhe vjedhje p\u00ebr klient\u00ebt dhe oligark\u00ebt e tij, nd\u00ebrkoh\u00eb q\u00eb r\u00ebndon me taksa dhe tarifa sip\u00ebrmarrjet e vogla dhe t\u00eb mesme.<\/p>\n<p>Dhuna e gjobave dhe sekuestrimeve ndaj sip\u00ebrmarrjeve t\u00eb vogla q\u00eb sigurojn\u00eb mbijetes\u00ebn e shumic\u00ebs s\u00eb familjeve shqiptare, b\u00ebhet p\u00ebr t\u00eb grabitur parat\u00eb e tyre p\u00ebr t\u00eb financuar bab\u00ebzin\u00eb dhe lluksin e Hajdutit Psiqik dhe klient\u00ebve t\u00eb tij milioner\u00eb. Me ta ai vjedh t\u00eb gjith\u00eb buxhetin e shtetit me kontrata dhe koncesione kriminale, me ta vjedh pasurit\u00eb e shqiptar\u00ebve nga nafta te bregdeti, lumenjt\u00eb pyjet dhe trojet publike e private. Ja rekordet e vjedhjeve t\u00eb Hajdutit Psiqik k\u00ebto 6 muaj:<\/p>\n<div id=\"fb-root\"><\/div>\n<p><script async=\"1\" defer=\"1\" crossorigin=\"anonymous\" src=\"https:\/\/connect.facebook.net\/de_DE\/sdk.js#xfbml=1&amp;version=v8.0\" nonce=\"Z0tEpP3y\"><\/script><\/p>\n<div class=\"fb-video\" data-href=\"https:\/\/www.facebook.com\/lulzimbasha.al\/videos\/381647999192891\/\" data-width=\"696\">\n<blockquote cite=\"https:\/\/www.facebook.com\/lulzimbasha.al\/videos\/381647999192891\/\" class=\"fb-xfbml-parse-ignore\"><p><a href=\"https:\/\/www.facebook.com\/lulzimbasha.al\/videos\/381647999192891\/\"><\/a><\/p>\n<p>Pasuri dhe Luks p\u00ebr vete, Papun\u00ebsi, Varf\u00ebri dhe Pasiguri p\u00ebr njer\u00ebzit.  Edi Rama \u00ebsht\u00eb sponsorizuesi dhe p\u00ebrfituesi kryesor i informalitetit. Ai miratoi me ligj favore, grabitje dhe vjedhje p\u00ebr klient\u00ebt dhe oligark\u00ebt e tij, nd\u00ebrkoh\u00eb q\u00eb r\u00ebndon me taksa dhe tarifa sip\u00ebrmarrjet e vogla dhe t\u00eb mesme. Dhuna e gjobave dhe sekuestrimeve ndaj sip\u00ebrmarrjeve t\u00eb vogla q\u00eb sigurojn\u00eb mbijetes\u00ebn e shumic\u00ebs s\u00eb familjeve shqiptare, b\u00ebhet p\u00ebr t\u00eb grabitur parat\u00eb e tyre p\u00ebr t\u00eb financuar bab\u00ebzin\u00eb dhe lluksin e Hajdutit Psiqik dhe klient\u00ebve t\u00eb tij milioner\u00eb. Me ta ai vjedh t\u00eb gjith\u00eb buxhetin e shtetit me kontrata dhe koncesione kriminale, me ta vjedh pasurit\u00eb e shqiptar\u00ebve nga nafta te bregdeti, lumenjt\u00eb pyjet dhe trojet publike e private.Ja rekordet e vjedhjeve t\u00eb Hajdutit Psiqik k\u00ebto 6 muaj:<\/p>\n<p>Gepostet von <a href=\"https:\/\/www.facebook.com\/lulzimbasha.al\/\">Lulzim Basha<\/a> am Samstag, 10. August 2019<\/p><\/blockquote>\n<\/div>","protected":false},"excerpt":{"rendered":"<p>Kryetari i Partis\u00eb Demokratike, Lulzim Basha duke akuzuar kryeministrin\u00a0 Rama thot\u00eb se ky i fundit ka zgjedhur rrug\u00ebn e pasurimit dhe t\u00eb luksit p\u00ebr vete, nd\u00ebrsa p\u00ebr qytetar\u00ebt ka instaluar varf\u00ebri dhe pasiguri. Lideri demokrat me nj\u00eb reagim n\u00eb \u201cFacebook\u201d ka shp\u00ebrndar\u00eb edhe nj\u00eb video, e cila sipas tij tregon vjedhjet rekord, ku \u00ebsht\u00eb i [&hellip;]<\/p>\n","protected":false},"author":4,"featured_media":64981,"comment_status":"open","ping_status":"closed","sticky":false,"template":"","format":"standard","meta":{"footnotes":""},"categories":[241,231,235],"tags":[],"class_list":{"0":"post-101163","1":"post","2":"type-post","3":"status-publish","4":"format-standard","5":"has-post-thumbnail","7":"category-aktualitet","8":"category-lajme","9":"category-vendi"},"_links":{"self":[{"href":"https:\/\/zjarr.tv\/en\/wp-json\/wp\/v2\/posts\/101163","targetHints":{"allow":["GET"]}}],"collection":[{"href":"https:\/\/zjarr.tv\/en\/wp-json\/wp\/v2\/posts"}],"about":[{"href":"https:\/\/zjarr.tv\/en\/wp-json\/wp\/v2\/types\/post"}],"author":[{"embeddable":true,"href":"https:\/\/zjarr.tv\/en\/wp-json\/wp\/v2\/users\/4"}],"replies":[{"embeddable":true,"href":"https:\/\/zjarr.tv\/en\/wp-json\/wp\/v2\/comments?post=101163"}],"version-history":[{"count":0,"href":"https:\/\/zjarr.tv\/en\/wp-json\/wp\/v2\/posts\/101163\/revisions"}],"wp:featuredmedia":[{"embeddable":true,"href":"https:\/\/zjarr.tv\/en\/wp-json\/wp\/v2\/media\/64981"}],"wp:attachment":[{"href":"https:\/\/zjarr.tv\/en\/wp-json\/wp\/v2\/media?parent=101163"}],"wp:term":[{"taxonomy":"category","embeddable":true,"href":"https:\/\/zjarr.tv\/en\/wp-json\/wp\/v2\/categories?post=101163"},{"taxonomy":"post_tag","embeddable":true,"href":"https:\/\/zjarr.tv\/en\/wp-json\/wp\/v2\/tags?post=101163"}],"curies":[{"name":"wp","href":"https:\/\/api.w.org\/{rel}","templated":true}]}}