{"id":101185,"date":"2019-08-10T15:16:15","date_gmt":"2019-08-10T13:16:15","guid":{"rendered":"https:\/\/zjarr.tv\/?p=101185"},"modified":"2019-08-10T15:16:15","modified_gmt":"2019-08-10T13:16:15","slug":"koncesionet-tabaku-sa-me-i-afert-fundi-me-i-eger-reagimi","status":"publish","type":"post","link":"https:\/\/zjarr.tv\/en\/koncesionet-tabaku-sa-me-i-afert-fundi-me-i-eger-reagimi\/","title":{"rendered":"Koncesionet, Tabaku: Sa m\u00eb i af\u00ebrt fundi, m\u00eb i eg\u00ebr reagimi"},"content":{"rendered":"<p>Ish-deputetja e PD-s\u00eb Jorida Tabaku ka reaguar n\u00eb lidhje me koncesionet e rrug\u00ebve, nd\u00ebrsa nuk i ka kursyer akuzat p\u00ebr qeverin\u00eb. P\u00ebrmes nj\u00eb reagimi n\u00eb \u2018Facebook\u2019 Tabaku thekson se qeveria n\u00eb k\u00ebto 6 vite ka zgjedhur q\u00eb t\u00eb g\u00ebnjej\u00eb me propaganda.<\/p>\n<p>Sipas demokrates \u201cPropaganda n\u00eb k\u00ebto kushte, tregon d\u00ebshp\u00ebrimin q\u00eb ka z\u00ebn\u00eb mazhoranc\u00ebn dhe qeverin\u00eb. Sa m\u00eb i af\u00ebrt fundi, aq m\u00eb i eg\u00ebr reagimi\u201d.<\/p>\n<p><strong>REAGIMI I TABAKUT<\/strong><\/p>\n<p>Episodet humoristike t\u00eb qeveris\u00eb Rama nuk lidhen vet\u00ebm me m\u00ebnyr\u00ebn se paraqitjes s\u00eb kryeministrit n\u00eb takimet zyrtare apo konferencat. Ato shpesh zbresin edhe n\u00eb zyrat e kryeministris\u00eb ku an\u00ebtar\u00eb t\u00eb qeveris\u00eb p\u00ebr t\u00eb mbuluar koncesionet abuzive dhe kriminale (si fjala vjen PPP Milot_Balldren, Orikum-Porti jahteve apo Thuman\u00eb-Kashar) ngren\u00eb gishtin akuzues ndaj atyre q\u00eb i akuzojn\u00eb.<br \/>\nNj\u00eb situat\u00eb e till\u00eb qesharake vjen pasi qeveria Rama ka 6 vjet n\u00eb qeverisje, ka marr\u00eb n\u00eb dor\u00eb Prokurorin\u00eb e Pergjithshme p\u00ebrmes shpikjes PPP Marku, Prokurorin\u00eb e Krimeve t\u00eb Renda dhe \u00e7do institucion tjet\u00ebr hetues n\u00eb vend. Me gjith\u00eb k\u00ebt\u00eb pushtet n\u00eb dor\u00eb, me t\u00eb gjitha mund\u00ebsit\u00eb p\u00ebr t\u00eb hetuar k\u00ebdo nga qeverit\u00eb e shkuara, qeveria Rama zgjedh prap\u00eb g\u00ebnjeshtr\u00ebn propagandistike.<br \/>\nIronia \u00ebsht\u00eb se n\u00eb vend q\u00eb t\u00eb hetohen ata q\u00eb e ndan\u00eb Shqip\u00ebrin\u00eb me traun 5 eurosh p\u00ebr interesa meskin\u00eb, ftohen t\u00eb lin\u00e7ohen me akuza t\u00eb dala boje ata q\u00eb e bashkuan Shqiptarin\u00eb. Heshtet p\u00ebr qeverin\u00eb dhe ministrat q\u00eb kan\u00eb dh\u00ebn\u00eb 2,2 mld lek\u00eb PPP p\u00ebr rrug\u00eb e sh\u00ebrbime q\u00eb ende nuk kan\u00eb p\u00ebrfunduar dhe q\u00eb i \u00ebsht\u00eb fryr\u00eb kosto mbi dhjet\u00eb her\u00eb, nd\u00ebrkoh\u00eb q\u00eb nuk jan\u00eb d\u00ebgjuar t\u00eb flasin kund\u00ebr kontratave abuzive koncesionare t\u00eb rrug\u00ebs Milot-Balldren me vler\u00eb 296 mln euro dhe PPP-n\u00eb e rrug\u00ebs Porti Jahteve-Orikum me vler\u00eb 70 mln euro.<\/p>\n<p>Nd\u00ebrsa BE ka p\u00ebrllogaritur koston e 1 km rrug\u00eb n\u00eb Autostrad\u00ebn Adriatiko-Joniane q\u00eb t\u00eb ket\u00eb vler\u00ebn 1.2 mln euro, qeveria shqiptare p\u00ebr rrug\u00eb shum\u00eb her\u00eb me kushte gjeoteknike m\u00eb t\u00eb lehta ka vler\u00ebsuar n\u00eb kontratat kriminale koston e 1 km rrug\u00eb me nj\u00eb vler\u00eb 16 mln euro.<br \/>\nPropaganda n\u00eb k\u00ebto kushte, tregon d\u00ebshp\u00ebrimin q\u00eb ka z\u00ebn\u00eb mazhoranc\u00ebn dhe qeverin\u00eb. Sa m\u00eb i af\u00ebrt fundi, aq m\u00eb i eg\u00ebr reagimi!<\/p>","protected":false},"excerpt":{"rendered":"<p>Ish-deputetja e PD-s\u00eb Jorida Tabaku ka reaguar n\u00eb lidhje me koncesionet e rrug\u00ebve, nd\u00ebrsa nuk i ka kursyer akuzat p\u00ebr qeverin\u00eb. P\u00ebrmes nj\u00eb reagimi n\u00eb \u2018Facebook\u2019 Tabaku thekson se qeveria n\u00eb k\u00ebto 6 vite ka zgjedhur q\u00eb t\u00eb g\u00ebnjej\u00eb me propaganda. Sipas demokrates \u201cPropaganda n\u00eb k\u00ebto kushte, tregon d\u00ebshp\u00ebrimin q\u00eb ka z\u00ebn\u00eb mazhoranc\u00ebn dhe qeverin\u00eb. [&hellip;]<\/p>\n","protected":false},"author":4,"featured_media":69477,"comment_status":"open","ping_status":"closed","sticky":false,"template":"","format":"standard","meta":{"footnotes":""},"categories":[241,231,235],"tags":[],"class_list":{"0":"post-101185","1":"post","2":"type-post","3":"status-publish","4":"format-standard","5":"has-post-thumbnail","7":"category-aktualitet","8":"category-lajme","9":"category-vendi"},"_links":{"self":[{"href":"https:\/\/zjarr.tv\/en\/wp-json\/wp\/v2\/posts\/101185","targetHints":{"allow":["GET"]}}],"collection":[{"href":"https:\/\/zjarr.tv\/en\/wp-json\/wp\/v2\/posts"}],"about":[{"href":"https:\/\/zjarr.tv\/en\/wp-json\/wp\/v2\/types\/post"}],"author":[{"embeddable":true,"href":"https:\/\/zjarr.tv\/en\/wp-json\/wp\/v2\/users\/4"}],"replies":[{"embeddable":true,"href":"https:\/\/zjarr.tv\/en\/wp-json\/wp\/v2\/comments?post=101185"}],"version-history":[{"count":0,"href":"https:\/\/zjarr.tv\/en\/wp-json\/wp\/v2\/posts\/101185\/revisions"}],"wp:featuredmedia":[{"embeddable":true,"href":"https:\/\/zjarr.tv\/en\/wp-json\/wp\/v2\/media\/69477"}],"wp:attachment":[{"href":"https:\/\/zjarr.tv\/en\/wp-json\/wp\/v2\/media?parent=101185"}],"wp:term":[{"taxonomy":"category","embeddable":true,"href":"https:\/\/zjarr.tv\/en\/wp-json\/wp\/v2\/categories?post=101185"},{"taxonomy":"post_tag","embeddable":true,"href":"https:\/\/zjarr.tv\/en\/wp-json\/wp\/v2\/tags?post=101185"}],"curies":[{"name":"wp","href":"https:\/\/api.w.org\/{rel}","templated":true}]}}