{"id":101452,"date":"2019-08-13T21:15:32","date_gmt":"2019-08-13T19:15:32","guid":{"rendered":"https:\/\/zjarr.tv\/?p=101452"},"modified":"2019-08-13T16:45:57","modified_gmt":"2019-08-13T14:45:57","slug":"zjarr-i-madh-ne-korce-digjet-nje-siperfaqe-e-konsiderueshme-toke","status":"publish","type":"post","link":"https:\/\/zjarr.tv\/en\/zjarr-i-madh-ne-korce-digjet-nje-siperfaqe-e-konsiderueshme-toke\/","title":{"rendered":"Zjarr i madh n\u00eb Kor\u00e7\u00eb, digjet nj\u00eb sip\u00ebrfaqe e konsiderueshme toke"},"content":{"rendered":"<p>Nj\u00eb sip\u00ebrfaqe toke \u00ebsht\u00eb p\u00ebrfshir\u00eb nga flak\u00ebt n\u00eb af\u00ebrsi t\u00eb rrug\u00ebs nacionale Kor\u00e7\u00eb- Ersek\u00eb. Zjarri ka r\u00ebn\u00eb n\u00eb vendin e quajtur \u201cAntenat\u201d dhe dyshohet t\u00eb jet\u00eb v\u00ebn\u00eb q\u00ebllimisht nga vet\u00eb banor\u00ebt e zon\u00ebs.<\/p>\n<p>Flak\u00ebt m\u00ebsohet se po p\u00ebrhapen me shpejt\u00ebsi kjo edhe fal\u00eb er\u00ebs, nd\u00ebrsa nj\u00eb sht\u00ebpi aty pran\u00eb u rrezikua t\u00eb digjej. Ka qen\u00eb nd\u00ebrhyrja n\u00eb koh\u00eb e zjarrfik\u00ebseve, t\u00eb cilat b\u00ebn t\u00eb mundur shuarjen e flak\u00ebve dhe vendosjen e vatr\u00ebs n\u00ebn kontroll.<\/p>","protected":false},"excerpt":{"rendered":"<p>Nj\u00eb sip\u00ebrfaqe toke \u00ebsht\u00eb p\u00ebrfshir\u00eb nga flak\u00ebt n\u00eb af\u00ebrsi t\u00eb rrug\u00ebs nacionale Kor\u00e7\u00eb- Ersek\u00eb. Zjarri ka r\u00ebn\u00eb n\u00eb vendin e quajtur \u201cAntenat\u201d dhe dyshohet t\u00eb jet\u00eb v\u00ebn\u00eb q\u00ebllimisht nga vet\u00eb banor\u00ebt e zon\u00ebs. Flak\u00ebt m\u00ebsohet se po p\u00ebrhapen me shpejt\u00ebsi kjo edhe fal\u00eb er\u00ebs, nd\u00ebrsa nj\u00eb sht\u00ebpi aty pran\u00eb u rrezikua t\u00eb digjej. Ka qen\u00eb [&hellip;]<\/p>\n","protected":false},"author":4,"featured_media":93839,"comment_status":"open","ping_status":"closed","sticky":false,"template":"","format":"standard","meta":{"footnotes":""},"categories":[241,231,235],"tags":[],"class_list":{"0":"post-101452","1":"post","2":"type-post","3":"status-publish","4":"format-standard","5":"has-post-thumbnail","7":"category-aktualitet","8":"category-lajme","9":"category-vendi"},"_links":{"self":[{"href":"https:\/\/zjarr.tv\/en\/wp-json\/wp\/v2\/posts\/101452","targetHints":{"allow":["GET"]}}],"collection":[{"href":"https:\/\/zjarr.tv\/en\/wp-json\/wp\/v2\/posts"}],"about":[{"href":"https:\/\/zjarr.tv\/en\/wp-json\/wp\/v2\/types\/post"}],"author":[{"embeddable":true,"href":"https:\/\/zjarr.tv\/en\/wp-json\/wp\/v2\/users\/4"}],"replies":[{"embeddable":true,"href":"https:\/\/zjarr.tv\/en\/wp-json\/wp\/v2\/comments?post=101452"}],"version-history":[{"count":0,"href":"https:\/\/zjarr.tv\/en\/wp-json\/wp\/v2\/posts\/101452\/revisions"}],"wp:featuredmedia":[{"embeddable":true,"href":"https:\/\/zjarr.tv\/en\/wp-json\/wp\/v2\/media\/93839"}],"wp:attachment":[{"href":"https:\/\/zjarr.tv\/en\/wp-json\/wp\/v2\/media?parent=101452"}],"wp:term":[{"taxonomy":"category","embeddable":true,"href":"https:\/\/zjarr.tv\/en\/wp-json\/wp\/v2\/categories?post=101452"},{"taxonomy":"post_tag","embeddable":true,"href":"https:\/\/zjarr.tv\/en\/wp-json\/wp\/v2\/tags?post=101452"}],"curies":[{"name":"wp","href":"https:\/\/api.w.org\/{rel}","templated":true}]}}