{"id":101617,"date":"2019-08-15T13:06:05","date_gmt":"2019-08-15T11:06:05","guid":{"rendered":"https:\/\/zjarr.tv\/?p=101617"},"modified":"2019-08-15T13:06:05","modified_gmt":"2019-08-15T11:06:05","slug":"iu-bllokuan-1-5-mln-e-ish-drejtori-ne-gjykate-mi-ktheni-parate","status":"publish","type":"post","link":"https:\/\/zjarr.tv\/en\/iu-bllokuan-1-5-mln-e-ish-drejtori-ne-gjykate-mi-ktheni-parate\/","title":{"rendered":"Iu bllokuan 1.5 mln \u20ac, ish-drejtori n\u00eb gjykat\u00eb: Mi ktheni parat\u00eb"},"content":{"rendered":"<p>&nbsp;<\/p>\n<p>Ish-drejtorit t\u00eb Aluiznit n\u00eb qeverin\u00eb Berisha iu sekuestruan 1.5 milion\u00eb euro n\u00eb bank\u00eb, nd\u00ebrsa sot Ferdinand Shehu ka k\u00ebrkuar me ngulm kthimin e tyre.<\/p>\n<p>Seanca gjyq\u00ebsore e planifikuar p\u00ebr sot ka d\u00ebshtuar p\u00ebr shkak se prokuroria ndodhet me pushime. Tani beteja ligjore p\u00ebr heqjen e sekuestros do t\u00eb zhvillohet n\u00eb muajin shtator.<\/p>\n<p>Ish-drejtori, Ferdinand Shehu i pranish\u00ebm n\u00eb gjykat\u00eb tha se parat\u00eb e sekuestruara nuk jan\u00eb\u00a0 t\u00eb paligjshme. \u201cParat\u00eb e mia s\u2019jan\u00eb t\u00eb paligjshme. Sekuestroja u vendos 10 dit\u00eb m\u00eb par\u00eb me vendim t\u00eb prokuroris\u00eb s\u00eb Tiran\u00ebs\u201d-tha\u00a0 ish-drejtori i Aluiznit.<\/p>\n<p>&nbsp;<\/p>","protected":false},"excerpt":{"rendered":"<p>&nbsp; Ish-drejtorit t\u00eb Aluiznit n\u00eb qeverin\u00eb Berisha iu sekuestruan 1.5 milion\u00eb euro n\u00eb bank\u00eb, nd\u00ebrsa sot Ferdinand Shehu ka k\u00ebrkuar me ngulm kthimin e tyre. Seanca gjyq\u00ebsore e planifikuar p\u00ebr sot ka d\u00ebshtuar p\u00ebr shkak se prokuroria ndodhet me pushime. Tani beteja ligjore p\u00ebr heqjen e sekuestros do t\u00eb zhvillohet n\u00eb muajin shtator. Ish-drejtori, Ferdinand [&hellip;]<\/p>\n","protected":false},"author":2013,"featured_media":101618,"comment_status":"open","ping_status":"closed","sticky":false,"template":"","format":"standard","meta":{"footnotes":""},"categories":[241,235],"tags":[],"class_list":{"0":"post-101617","1":"post","2":"type-post","3":"status-publish","4":"format-standard","5":"has-post-thumbnail","7":"category-aktualitet","8":"category-vendi"},"_links":{"self":[{"href":"https:\/\/zjarr.tv\/en\/wp-json\/wp\/v2\/posts\/101617","targetHints":{"allow":["GET"]}}],"collection":[{"href":"https:\/\/zjarr.tv\/en\/wp-json\/wp\/v2\/posts"}],"about":[{"href":"https:\/\/zjarr.tv\/en\/wp-json\/wp\/v2\/types\/post"}],"author":[{"embeddable":true,"href":"https:\/\/zjarr.tv\/en\/wp-json\/wp\/v2\/users\/2013"}],"replies":[{"embeddable":true,"href":"https:\/\/zjarr.tv\/en\/wp-json\/wp\/v2\/comments?post=101617"}],"version-history":[{"count":0,"href":"https:\/\/zjarr.tv\/en\/wp-json\/wp\/v2\/posts\/101617\/revisions"}],"wp:featuredmedia":[{"embeddable":true,"href":"https:\/\/zjarr.tv\/en\/wp-json\/wp\/v2\/media\/101618"}],"wp:attachment":[{"href":"https:\/\/zjarr.tv\/en\/wp-json\/wp\/v2\/media?parent=101617"}],"wp:term":[{"taxonomy":"category","embeddable":true,"href":"https:\/\/zjarr.tv\/en\/wp-json\/wp\/v2\/categories?post=101617"},{"taxonomy":"post_tag","embeddable":true,"href":"https:\/\/zjarr.tv\/en\/wp-json\/wp\/v2\/tags?post=101617"}],"curies":[{"name":"wp","href":"https:\/\/api.w.org\/{rel}","templated":true}]}}