{"id":101652,"date":"2019-08-15T16:02:43","date_gmt":"2019-08-15T14:02:43","guid":{"rendered":"https:\/\/zjarr.tv\/?p=101652"},"modified":"2019-08-15T16:02:43","modified_gmt":"2019-08-15T14:02:43","slug":"borsh-dhunohen-5-turiste-spanjolle-zbulohet-shkaku","status":"publish","type":"post","link":"https:\/\/zjarr.tv\/en\/borsh-dhunohen-5-turiste-spanjolle-zbulohet-shkaku\/","title":{"rendered":"Borsh, dhunohen 5 turist\u00eb spanjoll\u00eb, zbulohet shkaku"},"content":{"rendered":"<p>5 turist\u00eb spanjoll\u00eb, t\u00eb cil\u00ebt kishin ardhur me Jaht nga Saranda jan\u00eb goditur me grushte nga pronar\u00ebt e nj\u00eb lokali.\u00a0M\u00ebsohet se fillimisht turist\u00ebt kan\u00eb hyr\u00eb n\u00eb ambientet e k\u00ebtij lokali, por nuk kan\u00eb p\u00eblqyer sh\u00ebrbimin e ofruar dhe m\u00eb pas jan\u00eb ngritur p\u00ebr t\u2019u larguar.<\/p>\n<div id=\"sovrn\" class=\"desktop_ad ad_bottom_space\"><\/div>\n<p>Ky moment ka b\u00ebr\u00eb q\u00eb\u00a0 pronar\u00ebt e lokalit t\u00eb ndjekin nga pas furgonin e turist\u00ebve, nd\u00ebrsa kan\u00eb goditur fizikisht drejtuesin e mjetit s\u00eb bashku me 5 turist\u00ebt spanjoll\u00eb.<\/p>\n<div id=\"pa_1x1_psbk_1565877698989\"><\/div>\n<p>N\u00eb konflikt e sip\u00ebr, pronar\u00ebt e lokalit kan\u00eb nxjerr\u00eb edhe arm\u00ebt e ftohta p\u00ebr t\u00eb goditur turist\u00ebt si dhe kan\u00eb thyer xhamin e furgonit, i cili po i shoq\u00ebronte ato. Brenda furgonit ndodheshin 7 persona, prej t\u00eb cil\u00ebve\u00a0 5 spanjoll\u00eb, shoferi dhe shoq\u00ebruesi i turist\u00ebve. Aktualisht forca t\u00eb shumta t\u00eb policis\u00eb s\u00eb Himar\u00ebs, Sarand\u00ebs dhe FNSH jan\u00eb v\u00ebn\u00eb ne ndjekje t\u00eb autor\u00ebve dhe po punohet p\u00ebr kapjen e tyre.<\/p>\n<p>&nbsp;<\/p>","protected":false},"excerpt":{"rendered":"<p>5 turist\u00eb spanjoll\u00eb, t\u00eb cil\u00ebt kishin ardhur me Jaht nga Saranda jan\u00eb goditur me grushte nga pronar\u00ebt e nj\u00eb lokali.\u00a0M\u00ebsohet se fillimisht turist\u00ebt kan\u00eb hyr\u00eb n\u00eb ambientet e k\u00ebtij lokali, por nuk kan\u00eb p\u00eblqyer sh\u00ebrbimin e ofruar dhe m\u00eb pas jan\u00eb ngritur p\u00ebr t\u2019u larguar. Ky moment ka b\u00ebr\u00eb q\u00eb\u00a0 pronar\u00ebt e lokalit t\u00eb ndjekin [&hellip;]<\/p>\n","protected":false},"author":2013,"featured_media":101653,"comment_status":"open","ping_status":"closed","sticky":false,"template":"","format":"standard","meta":{"footnotes":""},"categories":[241,235],"tags":[],"class_list":{"0":"post-101652","1":"post","2":"type-post","3":"status-publish","4":"format-standard","5":"has-post-thumbnail","7":"category-aktualitet","8":"category-vendi"},"_links":{"self":[{"href":"https:\/\/zjarr.tv\/en\/wp-json\/wp\/v2\/posts\/101652","targetHints":{"allow":["GET"]}}],"collection":[{"href":"https:\/\/zjarr.tv\/en\/wp-json\/wp\/v2\/posts"}],"about":[{"href":"https:\/\/zjarr.tv\/en\/wp-json\/wp\/v2\/types\/post"}],"author":[{"embeddable":true,"href":"https:\/\/zjarr.tv\/en\/wp-json\/wp\/v2\/users\/2013"}],"replies":[{"embeddable":true,"href":"https:\/\/zjarr.tv\/en\/wp-json\/wp\/v2\/comments?post=101652"}],"version-history":[{"count":0,"href":"https:\/\/zjarr.tv\/en\/wp-json\/wp\/v2\/posts\/101652\/revisions"}],"wp:featuredmedia":[{"embeddable":true,"href":"https:\/\/zjarr.tv\/en\/wp-json\/wp\/v2\/media\/101653"}],"wp:attachment":[{"href":"https:\/\/zjarr.tv\/en\/wp-json\/wp\/v2\/media?parent=101652"}],"wp:term":[{"taxonomy":"category","embeddable":true,"href":"https:\/\/zjarr.tv\/en\/wp-json\/wp\/v2\/categories?post=101652"},{"taxonomy":"post_tag","embeddable":true,"href":"https:\/\/zjarr.tv\/en\/wp-json\/wp\/v2\/tags?post=101652"}],"curies":[{"name":"wp","href":"https:\/\/api.w.org\/{rel}","templated":true}]}}