{"id":101655,"date":"2019-08-15T16:25:06","date_gmt":"2019-08-15T14:25:06","guid":{"rendered":"https:\/\/zjarr.tv\/?p=101655"},"modified":"2019-08-15T16:25:06","modified_gmt":"2019-08-15T14:25:06","slug":"valdrin-pjetri-dorehiqet-nga-posti-i-kryetarit-te-bashkise-shkoder","status":"publish","type":"post","link":"https:\/\/zjarr.tv\/en\/valdrin-pjetri-dorehiqet-nga-posti-i-kryetarit-te-bashkise-shkoder\/","title":{"rendered":"Valdrin Pjetri dor\u00ebhiqet nga posti i kryetarit t\u00eb bashkis\u00eb Shkod\u00ebr"},"content":{"rendered":"<p>Valdrin Pjetri dor\u00ebhiqet nga posti i kryetarit t\u00eb bashkis\u00eb Shkod\u00ebr.<\/p>\n<p><em><strong>Valdrin Pjetri:\u00a0<\/strong>T\u00eb dashur miq, bashk\u00ebqytetar, votues t\u00eb Bashkis\u00eb Shkod\u00ebr, an\u00ebtar\u00eb t\u00eb PS, bashk\u00ebpun\u00ebtor\u00eb t\u00eb mi&#8230;.<\/p>\n<p>Dit\u00ebt e fundit jam gjendur n\u00eb mes t\u00eb nj\u00eb stuhie mediatike ku akuzat dhe thashethemet i zun\u00eb vendin fakteve dhe t\u00eb v\u00ebrtet\u00ebs.<\/p>\n<p>Nj\u00eb ngjarje krejt banale e ndodhur n\u00eb mes t\u00eb shok\u00ebve t\u00eb mi bashk\u00ebstudent, n\u00eb t\u00eb cil\u00ebn un\u00eb nuk kam asnj\u00eb faj e p\u00ebrgjegj\u00ebsi e nuk i kisha kushtuar r\u00ebnd\u00ebsi, 17 vjet m\u00eb par\u00eb n\u00eb mosh\u00ebn 20 vje\u00e7are, u nxor nga konteksti dhe rreth saj u ngrit\u00ebn akuza e lin\u00e7ime p\u00ebrtej \u00e7do skrupulli moral e njer\u00ebzor.<\/p>\n<p>Nuk e kisha menduar kurr\u00eb q\u00eb nj\u00eb dit\u00eb do t\u00eb gjendesha p\u00ebrball\u00eb akuzave t\u00eb tilla. Dhe sado i bindur t\u00eb jem n\u00eb pafajsin\u00eb ligjore dhe past\u00ebrtin\u00eb morale t\u00eb personit tim, me keqardhje ju rr\u00ebfej se t\u00eb tilla shpifje kan\u00eb shkaktuar dhimbje t\u00eb m\u00ebdha te un\u00eb e familja ime dhe se un\u00eb kurr\u00eb nuk kam q\u00ebn\u00eb pjes\u00eb e k\u00ebsaj kategorie p\u00ebr t\u00eb cil\u00ebn sot akuzohem.<\/p>\n<p>N\u00eb k\u00ebto kushte, v\u00ebmendja dhe energjit\u00eb e mia do t\u00eb p\u00ebrqendrohen tanim\u00eb t\u00ebr\u00ebsisht n\u00eb zgjidhjen dhe sqarimin ligjor t\u00eb k\u00ebsaj ngjarje t\u00eb 17 viteve m\u00eb par\u00eb, ngjarje p\u00ebr t\u00eb cil\u00ebn n\u00eb dijenin\u00eb time nuk kam pasur asnj\u00eb p\u00ebrgjegj\u00ebsi ligjore n\u00eb at\u00eb koh\u00eb.<\/p>\n<p>I nd\u00ebrgjegjsh\u00ebm p\u00ebr r\u00ebnd\u00ebsin\u00eb e imazhit politik dhe i vendosur q\u00eb k\u00ebt\u00eb sqarim ligjor t\u2019a nd\u00ebrmarr n\u00eb pozitat e qytetarit t\u00eb thjesht\u00eb, pa iu b\u00ebr\u00eb barr\u00eb askujt, vendos t\u00eb dor\u00ebhiqem nga marrja e detyr\u00ebs s\u00eb Kryetarit t\u00eb Bashkis\u00eb Shkod\u00ebr.<\/p>\n<p>Ju jam mir\u00ebnjoh\u00ebs t\u00eb gjith\u00ebve p\u00ebr ndihm\u00ebn dhe mb\u00ebshtetjen q\u00eb m\u00eb dhat\u00eb n\u00eb fushat\u00eb!<\/p>\n<p>Ishte nj\u00eb end\u00ebrr e bukur t\u2019i jepnim Shkodr\u00ebs at\u00eb \u00e7ka meriton. Por fatet e nj\u00eb qyteti nuk duhen t\u00eb jen\u00eb kurr\u00eb t\u00eb lidhura pashmangshm\u00ebrisht me fatet e nj\u00eb individi, cilido qoft\u00eb ai.<\/p>\n<p>S\u00eb fundi, ju jam pafund\u00ebsisht mir\u00ebnjoh\u00ebs t\u00eb gjith\u00eb atyre q\u00eb m\u00eb kan\u00eb mb\u00ebshtetur apo d\u00ebrguar mesazhe solidariteti n\u00eb k\u00ebto dit\u00eb t\u00eb v\u00ebshtira p\u00ebr mua.<\/p>\n<p>Ju uroj me gjith\u00eb shpirt m\u00eb t\u00eb mir\u00ebn p\u00ebr Ju dhe familjen Tuaj !<\/em><\/p>","protected":false},"excerpt":{"rendered":"<p>Valdrin Pjetri dor\u00ebhiqet nga posti i kryetarit t\u00eb bashkis\u00eb Shkod\u00ebr. Valdrin Pjetri:\u00a0T\u00eb dashur miq, bashk\u00ebqytetar, votues t\u00eb Bashkis\u00eb Shkod\u00ebr, an\u00ebtar\u00eb t\u00eb PS, bashk\u00ebpun\u00ebtor\u00eb t\u00eb mi&#8230;. Dit\u00ebt e fundit jam gjendur n\u00eb mes t\u00eb nj\u00eb stuhie mediatike ku akuzat dhe thashethemet i zun\u00eb vendin fakteve dhe t\u00eb v\u00ebrtet\u00ebs. Nj\u00eb ngjarje krejt banale e ndodhur n\u00eb mes [&hellip;]<\/p>\n","protected":false},"author":2013,"featured_media":100127,"comment_status":"open","ping_status":"closed","sticky":false,"template":"","format":"standard","meta":{"footnotes":""},"categories":[241,235],"tags":[],"class_list":{"0":"post-101655","1":"post","2":"type-post","3":"status-publish","4":"format-standard","5":"has-post-thumbnail","7":"category-aktualitet","8":"category-vendi"},"_links":{"self":[{"href":"https:\/\/zjarr.tv\/en\/wp-json\/wp\/v2\/posts\/101655","targetHints":{"allow":["GET"]}}],"collection":[{"href":"https:\/\/zjarr.tv\/en\/wp-json\/wp\/v2\/posts"}],"about":[{"href":"https:\/\/zjarr.tv\/en\/wp-json\/wp\/v2\/types\/post"}],"author":[{"embeddable":true,"href":"https:\/\/zjarr.tv\/en\/wp-json\/wp\/v2\/users\/2013"}],"replies":[{"embeddable":true,"href":"https:\/\/zjarr.tv\/en\/wp-json\/wp\/v2\/comments?post=101655"}],"version-history":[{"count":0,"href":"https:\/\/zjarr.tv\/en\/wp-json\/wp\/v2\/posts\/101655\/revisions"}],"wp:featuredmedia":[{"embeddable":true,"href":"https:\/\/zjarr.tv\/en\/wp-json\/wp\/v2\/media\/100127"}],"wp:attachment":[{"href":"https:\/\/zjarr.tv\/en\/wp-json\/wp\/v2\/media?parent=101655"}],"wp:term":[{"taxonomy":"category","embeddable":true,"href":"https:\/\/zjarr.tv\/en\/wp-json\/wp\/v2\/categories?post=101655"},{"taxonomy":"post_tag","embeddable":true,"href":"https:\/\/zjarr.tv\/en\/wp-json\/wp\/v2\/tags?post=101655"}],"curies":[{"name":"wp","href":"https:\/\/api.w.org\/{rel}","templated":true}]}}