{"id":101657,"date":"2019-08-15T18:30:24","date_gmt":"2019-08-15T16:30:24","guid":{"rendered":"https:\/\/zjarr.tv\/?p=101657"},"modified":"2019-08-15T16:06:55","modified_gmt":"2019-08-15T14:06:55","slug":"autopsia-hedh-drite-mbi-vrasjen-e-miliarderit-kishte-kocka-te-thyera-ne-qafe","status":"publish","type":"post","link":"https:\/\/zjarr.tv\/en\/autopsia-hedh-drite-mbi-vrasjen-e-miliarderit-kishte-kocka-te-thyera-ne-qafe\/","title":{"rendered":"Autopsia hedh drit\u00eb mbi vrasjen e miliarderit, kishte kocka t\u00eb thyera n\u00eb qaf\u00eb"},"content":{"rendered":"<p>Autopsia ndaj financierit me profil t\u00eb lart\u00eb, Jeffrey Epstein ka zbuluar se si kishte disa kocka t\u00eb thyera n\u00eb qaf\u00eb.<\/p>\n<p>Sikurse raporton &#8220;The Washington Post&#8221; k\u00ebto lloj frakturash mund t&#8217;i p\u00ebsojn\u00eb njer\u00ebzit q\u00eb varen, por edhe ata q\u00eb jan\u00eb mbytur.<\/p>\n<p>Epstein, 66-vje\u00e7, u gjet i varur n\u00eb qelin\u00eb e burgut t\u00eb tij, m\u00ebngjesin e s\u00eb shtun\u00ebs (10 gusht).<\/p>\n<p>Sipas Byros\u00eb Federale t\u00eb Burgjeve, &#8220;ai mori ndihm\u00eb urgjente dhe u d\u00ebrgua me ambulanc\u00eb n\u00eb nj\u00eb spital p\u00ebr trajtim, ku m\u00eb pas u shpall i vdekur &#8220;.<\/p>\n<p>66-vje\u00e7ari ishte i njohur p\u00ebr miq\u00ebsin\u00eb me personazhe t\u00eb famsh\u00ebm.\u00a0Presidenti Donald Trump, ish-presidenti Bill Clinton dhe princi i Mbret\u00ebris\u00eb s\u00eb Bashkuar, Andrew, t\u00eb gjith\u00eb kishin lidhje me t\u00eb. Disa nga bashk\u00ebpun\u00ebtor\u00ebt e tij t\u00eb fuqish\u00ebm kan\u00eb akuza kund\u00ebr tij, \u00e7ka ka sh\u00ebrbyer vet\u00ebm p\u00ebr t\u00eb nxitur teorit\u00eb e konspiracionit.<\/p>\n<p>Shum\u00eb thashetheme jan\u00eb p\u00ebrqendruar tek ajo q\u00eb mund t\u00eb dinin politikan\u00ebt p\u00ebr krimet e supozuara t\u00eb Epstein, dhe n\u00ebse disa prej tyre mund ta ken\u00eb dashur t\u00eb vdekur. Nuk ka asnj\u00eb prov\u00eb q\u00eb t\u00eb sugjeroj\u00eb se ky \u00ebsht\u00eb rasti. Megjithat\u00eb n\u00eb rrjet po qarkullon hashtagu\u00a0\u2018Vrasja e Epstein\u2019.<\/p>","protected":false},"excerpt":{"rendered":"<p>Autopsia ndaj financierit me profil t\u00eb lart\u00eb, Jeffrey Epstein ka zbuluar se si kishte disa kocka t\u00eb thyera n\u00eb qaf\u00eb. Sikurse raporton &#8220;The Washington Post&#8221; k\u00ebto lloj frakturash mund t&#8217;i p\u00ebsojn\u00eb njer\u00ebzit q\u00eb varen, por edhe ata q\u00eb jan\u00eb mbytur. Epstein, 66-vje\u00e7, u gjet i varur n\u00eb qelin\u00eb e burgut t\u00eb tij, m\u00ebngjesin e s\u00eb [&hellip;]<\/p>\n","protected":false},"author":2013,"featured_media":101658,"comment_status":"open","ping_status":"closed","sticky":false,"template":"","format":"standard","meta":{"footnotes":""},"categories":[241,191],"tags":[],"class_list":{"0":"post-101657","1":"post","2":"type-post","3":"status-publish","4":"format-standard","5":"has-post-thumbnail","7":"category-aktualitet","8":"category-bota"},"_links":{"self":[{"href":"https:\/\/zjarr.tv\/en\/wp-json\/wp\/v2\/posts\/101657","targetHints":{"allow":["GET"]}}],"collection":[{"href":"https:\/\/zjarr.tv\/en\/wp-json\/wp\/v2\/posts"}],"about":[{"href":"https:\/\/zjarr.tv\/en\/wp-json\/wp\/v2\/types\/post"}],"author":[{"embeddable":true,"href":"https:\/\/zjarr.tv\/en\/wp-json\/wp\/v2\/users\/2013"}],"replies":[{"embeddable":true,"href":"https:\/\/zjarr.tv\/en\/wp-json\/wp\/v2\/comments?post=101657"}],"version-history":[{"count":0,"href":"https:\/\/zjarr.tv\/en\/wp-json\/wp\/v2\/posts\/101657\/revisions"}],"wp:featuredmedia":[{"embeddable":true,"href":"https:\/\/zjarr.tv\/en\/wp-json\/wp\/v2\/media\/101658"}],"wp:attachment":[{"href":"https:\/\/zjarr.tv\/en\/wp-json\/wp\/v2\/media?parent=101657"}],"wp:term":[{"taxonomy":"category","embeddable":true,"href":"https:\/\/zjarr.tv\/en\/wp-json\/wp\/v2\/categories?post=101657"},{"taxonomy":"post_tag","embeddable":true,"href":"https:\/\/zjarr.tv\/en\/wp-json\/wp\/v2\/tags?post=101657"}],"curies":[{"name":"wp","href":"https:\/\/api.w.org\/{rel}","templated":true}]}}