{"id":101663,"date":"2019-08-15T18:50:03","date_gmt":"2019-08-15T16:50:03","guid":{"rendered":"https:\/\/zjarr.tv\/?p=101663"},"modified":"2019-08-15T16:08:36","modified_gmt":"2019-08-15T14:08:36","slug":"greqi-te-rinjte-perleshen-me-thika-brenda-ne-kamp","status":"publish","type":"post","link":"https:\/\/zjarr.tv\/en\/greqi-te-rinjte-perleshen-me-thika-brenda-ne-kamp\/","title":{"rendered":"Greqi, t\u00eb rinjt\u00eb p\u00ebrleshen me thika brenda n\u00eb kamp"},"content":{"rendered":"<p>Nj\u00eb i ri rom \u00ebsht\u00eb plagosur me thik\u00eb n\u00eb nj\u00eb kamp n\u00eb zon\u00ebn Caraconero t\u00eb Rodos.<\/p>\n<p>Mediet greke sot (15 gusht) shkruajn\u00eb se me ndihm\u00ebn e policis\u00eb ai \u00ebsht\u00eb d\u00ebrguar n\u00eb spitalin e Rodosit dhe ndodhet jasht\u00eb rrezikut p\u00ebr jet\u00ebn.<\/p>\n<p>P\u00ebr policin\u00eb i riu 21 vje\u00e7ar ka d\u00ebshmuar se kishte pasur nj\u00eb p\u00ebrleshje me nj\u00eb person tjet\u00ebr dhe m\u00eb pas ishin konfliktuar me thika.<\/p>\n<p>Policia e cila mb\u00ebrriti n\u00eb vendin e ngjarjes po vijon hetimet p\u00ebr zbardhjen e plot\u00eb t\u00eb shkaqeve t\u00eb ngjarjes.<\/p>\n<p>Por megjithat\u00eb, kjo nuk \u00ebsht\u00eb hera e par\u00eb q\u00eb incidente t\u00eb tilla jan\u00eb regjistruar brenda kampit. Dhe n\u00eb t\u00eb kaluar\u00ebn zona \u00ebsht\u00eb shnd\u00ebrruar n\u00eb nj\u00eb zon\u00eb \u201clufte\u201d. Vet\u00ebm n\u00eb majit t\u00eb vitit 2018 ka pasur t\u00eb sht\u00ebna mes grupeve rome q\u00eb ishin konfliktuar edhe m\u00eb her\u00ebt.<\/p>","protected":false},"excerpt":{"rendered":"<p>Nj\u00eb i ri rom \u00ebsht\u00eb plagosur me thik\u00eb n\u00eb nj\u00eb kamp n\u00eb zon\u00ebn Caraconero t\u00eb Rodos. Mediet greke sot (15 gusht) shkruajn\u00eb se me ndihm\u00ebn e policis\u00eb ai \u00ebsht\u00eb d\u00ebrguar n\u00eb spitalin e Rodosit dhe ndodhet jasht\u00eb rrezikut p\u00ebr jet\u00ebn. P\u00ebr policin\u00eb i riu 21 vje\u00e7ar ka d\u00ebshmuar se kishte pasur nj\u00eb p\u00ebrleshje me nj\u00eb [&hellip;]<\/p>\n","protected":false},"author":2013,"featured_media":101664,"comment_status":"open","ping_status":"closed","sticky":false,"template":"","format":"standard","meta":{"footnotes":""},"categories":[241,2],"tags":[],"class_list":{"0":"post-101663","1":"post","2":"type-post","3":"status-publish","4":"format-standard","5":"has-post-thumbnail","7":"category-aktualitet","8":"category-rajoni"},"_links":{"self":[{"href":"https:\/\/zjarr.tv\/en\/wp-json\/wp\/v2\/posts\/101663","targetHints":{"allow":["GET"]}}],"collection":[{"href":"https:\/\/zjarr.tv\/en\/wp-json\/wp\/v2\/posts"}],"about":[{"href":"https:\/\/zjarr.tv\/en\/wp-json\/wp\/v2\/types\/post"}],"author":[{"embeddable":true,"href":"https:\/\/zjarr.tv\/en\/wp-json\/wp\/v2\/users\/2013"}],"replies":[{"embeddable":true,"href":"https:\/\/zjarr.tv\/en\/wp-json\/wp\/v2\/comments?post=101663"}],"version-history":[{"count":0,"href":"https:\/\/zjarr.tv\/en\/wp-json\/wp\/v2\/posts\/101663\/revisions"}],"wp:featuredmedia":[{"embeddable":true,"href":"https:\/\/zjarr.tv\/en\/wp-json\/wp\/v2\/media\/101664"}],"wp:attachment":[{"href":"https:\/\/zjarr.tv\/en\/wp-json\/wp\/v2\/media?parent=101663"}],"wp:term":[{"taxonomy":"category","embeddable":true,"href":"https:\/\/zjarr.tv\/en\/wp-json\/wp\/v2\/categories?post=101663"},{"taxonomy":"post_tag","embeddable":true,"href":"https:\/\/zjarr.tv\/en\/wp-json\/wp\/v2\/tags?post=101663"}],"curies":[{"name":"wp","href":"https:\/\/api.w.org\/{rel}","templated":true}]}}