{"id":101666,"date":"2019-08-15T19:00:28","date_gmt":"2019-08-15T17:00:28","guid":{"rendered":"https:\/\/zjarr.tv\/?p=101666"},"modified":"2019-08-15T16:10:07","modified_gmt":"2019-08-15T14:10:07","slug":"beteja-me-flaket-ne-greqi-dhe-france","status":"publish","type":"post","link":"https:\/\/zjarr.tv\/en\/beteja-me-flaket-ne-greqi-dhe-france\/","title":{"rendered":"Beteja me flak\u00ebt n\u00eb Greqi dhe Franc\u00eb"},"content":{"rendered":"<p>Greqia shp\u00ebrndau t\u00eb enjten rreth 400 trupa dhe avion\u00eb zjarrfik\u00ebs p\u00ebr t\u00eb shuar p\u00ebrfundimisht flak\u00ebt q\u00eb kan\u00eb shkrumbuar afro 900 hektar\u00eb me pisha n\u00eb ishullin e Evias.<\/p>\n<p>Autoritetet than\u00eb se operacioni i nisur m\u00ebngjesin e s\u00eb mart\u00ebs mund t\u00eb finalizohet me sukses s\u00eb shpejti pasi er\u00ebrat jan\u00eb dob\u00ebsuar dhe shumica e zjarreve jan\u00eb v\u00ebn\u00eb n\u00ebn kontroll.<\/p>\n<p>Nj\u00eb vat\u00ebr zjarri vazhdon t\u00eb mbetet aktive n\u00eb nj\u00eb faqe t\u00eb rr\u00ebpir\u00eb mali n\u00eb fshatin e Platanas\u00eb.<\/p>\n<p>Por barrikadat n\u00eb form\u00eb hendeku t\u00eb ngritura aneqark zon\u00ebs dhe nd\u00ebrhyrja nga ajri me helikopter\u00eb kan\u00eb arritur ta pengoj\u00eb p\u00ebrhapjen e flak\u00ebve.<\/p>\n<p>T\u00eb m\u00ebrkur\u00ebn, kryeministri grek Qirjako Miqota\u00e7is apeloi p\u00ebr nj\u00eb koordinim m\u00eb t\u00eb mir\u00eb me partner\u00ebt europian\u00eb.<\/p>\n<p><strong>Qirjako Miqota\u00e7is:<\/strong>\u00a0<em>E dim\u00eb q\u00eb zjarret do t\u00eb jen\u00eb dhe kan\u00eb qen\u00eb pjes\u00eb e fenomeneve tona natyrore si vend. Por ndryshimet klimatike po k\u00ebrc\u00ebnojn\u00eb t\u00ebr\u00eb Europ\u00ebn Jugore, ndaj na duhet nj\u00eb mekaniz\u00ebm europian shp\u00ebtimi, m\u00eb i koordinuar, p\u00ebr ndihmuar n\u00eb incidentet si k\u00ebto.<\/em><\/p>\n<p>P\u00ebrve\u00e7 Greqis\u00eb, betej\u00eb me zjarret po zhvillojn\u00eb edhe forcat zjarrfik\u00ebse n\u00eb juglindje t\u00eb Franc\u00ebs.<\/p>\n<p>Flak\u00ebt e lokalizuara t\u00eb m\u00ebrkur\u00ebn rreth 100 kilometra nga Tuluza kan\u00eb djegur deri tani mbi 900 hektar\u00eb pisha.<\/p>\n<p>Autoritetet po punojn\u00eb p\u00ebr t\u00eb p\u00ebrmbajtur p\u00ebrhapjen e flak\u00ebve q\u00eb avancojn\u00eb p\u00ebr shkak t\u00eb er\u00ebrave t\u00eb forta.<\/p>\n<p>Shkaqet e zjarrit nuk jan\u00eb b\u00ebr\u00eb t\u00eb njohura, por mendohet se ndikim ka pasur moti i that\u00eb q\u00eb vazhdon prej jav\u00ebsh.<\/p>","protected":false},"excerpt":{"rendered":"<p>Greqia shp\u00ebrndau t\u00eb enjten rreth 400 trupa dhe avion\u00eb zjarrfik\u00ebs p\u00ebr t\u00eb shuar p\u00ebrfundimisht flak\u00ebt q\u00eb kan\u00eb shkrumbuar afro 900 hektar\u00eb me pisha n\u00eb ishullin e Evias. Autoritetet than\u00eb se operacioni i nisur m\u00ebngjesin e s\u00eb mart\u00ebs mund t\u00eb finalizohet me sukses s\u00eb shpejti pasi er\u00ebrat jan\u00eb dob\u00ebsuar dhe shumica e zjarreve jan\u00eb v\u00ebn\u00eb n\u00ebn [&hellip;]<\/p>\n","protected":false},"author":2013,"featured_media":101667,"comment_status":"open","ping_status":"closed","sticky":false,"template":"","format":"standard","meta":{"footnotes":""},"categories":[241,191],"tags":[],"class_list":{"0":"post-101666","1":"post","2":"type-post","3":"status-publish","4":"format-standard","5":"has-post-thumbnail","7":"category-aktualitet","8":"category-bota"},"_links":{"self":[{"href":"https:\/\/zjarr.tv\/en\/wp-json\/wp\/v2\/posts\/101666","targetHints":{"allow":["GET"]}}],"collection":[{"href":"https:\/\/zjarr.tv\/en\/wp-json\/wp\/v2\/posts"}],"about":[{"href":"https:\/\/zjarr.tv\/en\/wp-json\/wp\/v2\/types\/post"}],"author":[{"embeddable":true,"href":"https:\/\/zjarr.tv\/en\/wp-json\/wp\/v2\/users\/2013"}],"replies":[{"embeddable":true,"href":"https:\/\/zjarr.tv\/en\/wp-json\/wp\/v2\/comments?post=101666"}],"version-history":[{"count":0,"href":"https:\/\/zjarr.tv\/en\/wp-json\/wp\/v2\/posts\/101666\/revisions"}],"wp:featuredmedia":[{"embeddable":true,"href":"https:\/\/zjarr.tv\/en\/wp-json\/wp\/v2\/media\/101667"}],"wp:attachment":[{"href":"https:\/\/zjarr.tv\/en\/wp-json\/wp\/v2\/media?parent=101666"}],"wp:term":[{"taxonomy":"category","embeddable":true,"href":"https:\/\/zjarr.tv\/en\/wp-json\/wp\/v2\/categories?post=101666"},{"taxonomy":"post_tag","embeddable":true,"href":"https:\/\/zjarr.tv\/en\/wp-json\/wp\/v2\/tags?post=101666"}],"curies":[{"name":"wp","href":"https:\/\/api.w.org\/{rel}","templated":true}]}}