{"id":101701,"date":"2019-08-15T20:50:48","date_gmt":"2019-08-15T18:50:48","guid":{"rendered":"https:\/\/zjarr.tv\/?p=101701"},"modified":"2019-08-15T16:32:35","modified_gmt":"2019-08-15T14:32:35","slug":"luhaten-tregjet-boterore-te-dhena-shqetesuese-per-recesion","status":"publish","type":"post","link":"https:\/\/zjarr.tv\/en\/luhaten-tregjet-boterore-te-dhena-shqetesuese-per-recesion\/","title":{"rendered":"Luhaten tregjet bot\u00ebrore, t\u00eb dh\u00ebna shqet\u00ebsuese p\u00ebr recesion"},"content":{"rendered":"<p>Tregjet e aksioneve n\u00eb Evrop\u00eb p\u00ebsuan r\u00ebnie t\u00eb enjten, pas nj\u00eb dite t\u00eb trazuar n\u00eb bursat amerikane dhe aziatike, t\u00eb nxitura nga frika e investitor\u00ebve p\u00ebr nj\u00eb recesion bot\u00ebror.<\/p>\n<p>R\u00ebnia e shitjes n\u00eb nivel bot\u00ebror erdhi mes shqet\u00ebsimeve p\u00ebr luft\u00ebn tregtare t\u00eb SHBA-s\u00eb dhe Kin\u00ebs dhe ekonomin\u00eb bot\u00ebrore n\u00eb p\u00ebrgjith\u00ebsi.<\/p>\n<div class=\"in-artile-read-more\"><\/div>\n<p>T\u00eb dh\u00ebnat e dob\u00ebta nga Gjermania gjithashtu ndikuan te investitor\u00ebt. Si rezultat, tre tregjet kryesore t\u00eb aksioneve n\u00eb SHBA dhe gjithashtu stoqet evropiane sh\u00ebnuan r\u00ebnie, sipas Rel.<\/p>\n<div id=\"rekl-13\">\n<div id=\"__sap-ad-15\" class=\"__sap-ads __sap-html tracked\" data-title=\"Credins desktop 08\"><ins><\/p>\n<div id=\"beacon_395c794906\"><img loading=\"lazy\" decoding=\"async\" src=\"https:\/\/ads1.medium.al\/www\/delivery\/lg.php?bannerid=373&amp;campaignid=48&amp;zoneid=182&amp;loc=https%3A%2F%2Fwww.syri.net%2Fbote%2F274084%2Fluhaten-tregjet-boterore-te-dhena-shqetesuese-per-recesion%2F&amp;referer=https%3A%2F%2Fwww.syri.net%2Fbote%2F&amp;cb=395c794906\" alt=\"\" width=\"0\" height=\"0\" \/><\/div>\n<p><\/ins><\/div>\n<\/div>\n<div id=\"rekl-4\"><\/div>\n<p>T\u00eb enjten n\u00eb m\u00ebngjes, shumica e tregjeve evropiane u stabilizuan, por m\u00eb pas s\u00ebrish sh\u00ebnuan r\u00ebnie. Tregtia u ul me rreth 0.4%.<\/p>\n<p>L\u00ebvizjet n\u00eb tregjet bot\u00ebrore u interpretuan si nj\u00eb shenj\u00eb paralajm\u00ebruese p\u00ebr nj\u00eb recesion t\u00eb mundsh\u00ebm n\u00eb ekonomit\u00eb e m\u00ebdha. Historikisht, l\u00ebvizjet e tilla kan\u00eb qen\u00eb nj\u00eb tregues i besuesh\u00ebm i recesioneve t\u00eb mundshme.<\/p>","protected":false},"excerpt":{"rendered":"<p>Tregjet e aksioneve n\u00eb Evrop\u00eb p\u00ebsuan r\u00ebnie t\u00eb enjten, pas nj\u00eb dite t\u00eb trazuar n\u00eb bursat amerikane dhe aziatike, t\u00eb nxitura nga frika e investitor\u00ebve p\u00ebr nj\u00eb recesion bot\u00ebror. R\u00ebnia e shitjes n\u00eb nivel bot\u00ebror erdhi mes shqet\u00ebsimeve p\u00ebr luft\u00ebn tregtare t\u00eb SHBA-s\u00eb dhe Kin\u00ebs dhe ekonomin\u00eb bot\u00ebrore n\u00eb p\u00ebrgjith\u00ebsi. T\u00eb dh\u00ebnat e dob\u00ebta nga [&hellip;]<\/p>\n","protected":false},"author":2013,"featured_media":101702,"comment_status":"open","ping_status":"closed","sticky":false,"template":"","format":"standard","meta":{"footnotes":""},"categories":[241,191],"tags":[],"class_list":{"0":"post-101701","1":"post","2":"type-post","3":"status-publish","4":"format-standard","5":"has-post-thumbnail","7":"category-aktualitet","8":"category-bota"},"_links":{"self":[{"href":"https:\/\/zjarr.tv\/en\/wp-json\/wp\/v2\/posts\/101701","targetHints":{"allow":["GET"]}}],"collection":[{"href":"https:\/\/zjarr.tv\/en\/wp-json\/wp\/v2\/posts"}],"about":[{"href":"https:\/\/zjarr.tv\/en\/wp-json\/wp\/v2\/types\/post"}],"author":[{"embeddable":true,"href":"https:\/\/zjarr.tv\/en\/wp-json\/wp\/v2\/users\/2013"}],"replies":[{"embeddable":true,"href":"https:\/\/zjarr.tv\/en\/wp-json\/wp\/v2\/comments?post=101701"}],"version-history":[{"count":0,"href":"https:\/\/zjarr.tv\/en\/wp-json\/wp\/v2\/posts\/101701\/revisions"}],"wp:featuredmedia":[{"embeddable":true,"href":"https:\/\/zjarr.tv\/en\/wp-json\/wp\/v2\/media\/101702"}],"wp:attachment":[{"href":"https:\/\/zjarr.tv\/en\/wp-json\/wp\/v2\/media?parent=101701"}],"wp:term":[{"taxonomy":"category","embeddable":true,"href":"https:\/\/zjarr.tv\/en\/wp-json\/wp\/v2\/categories?post=101701"},{"taxonomy":"post_tag","embeddable":true,"href":"https:\/\/zjarr.tv\/en\/wp-json\/wp\/v2\/tags?post=101701"}],"curies":[{"name":"wp","href":"https:\/\/api.w.org\/{rel}","templated":true}]}}