{"id":101713,"date":"2019-08-15T21:30:00","date_gmt":"2019-08-15T19:30:00","guid":{"rendered":"https:\/\/zjarr.tv\/?p=101713"},"modified":"2019-08-15T16:40:43","modified_gmt":"2019-08-15T14:40:43","slug":"mrika-nikci-shqiponja-e-kombit-me-e-mira-e-botes","status":"publish","type":"post","link":"https:\/\/zjarr.tv\/en\/mrika-nikci-shqiponja-e-kombit-me-e-mira-e-botes\/","title":{"rendered":"\u2018Mrika Nik\u00e7i, Shqiponja e Kombit, m\u00eb e mira e bot\u00ebs!\u2019"},"content":{"rendered":"<p>Mrika Nik\u00e7i, 17-vje\u00e7arja nga Peja, ka arritur t\u00eb kompletoj\u00eb ngjitjen e malit Carstensz Pyramide n\u00eb Indonezi, duke kompletuar k\u00ebshtu ngjitjen n\u00eb 7 majat m\u00eb t\u00eb larta n\u00eb shtat\u00eb kontinente t\u00eb bot\u00ebs.<\/p>\n<p>Ajo tani \u00ebsht\u00eb futur n\u00eb histori si femra m\u00eb e re n\u00eb t\u00ebr\u00eb bot\u00ebn q\u00eb arrin t\u00eb kompletoj\u00eb ngjitjen e shtat\u00eb majave.<\/p>\n<div class=\"in-artile-read-more\"><\/div>\n<p>N\u00eb an\u00ebn tjet\u00ebr ajo s\u00eb bashku me baban\u00eb e saj jan\u00eb b\u00ebr\u00eb shqiptar\u00ebt e par\u00eb n\u00eb bot\u00eb q\u00eb si bab\u00eb e bij\u00eb kalojn\u00eb me sukses k\u00ebt\u00eb mision, i cili paraqet nj\u00eb arritje kulminante n\u00eb alpiniz\u00ebm.<\/p>\n<div id=\"rekl-13\">\n<div id=\"__sap-ad-15\" class=\"__sap-ads __sap-html tracked\" data-title=\"Credins desktop 08\"><ins><\/p>\n<div id=\"beacon_ad4c8d6a41\"><img loading=\"lazy\" decoding=\"async\" src=\"https:\/\/ads1.medium.al\/www\/delivery\/lg.php?bannerid=373&amp;campaignid=48&amp;zoneid=182&amp;loc=https%3A%2F%2Fwww.syri.net%2Fsport%2F274075%2Ffoto-mrika-nikci-shqiponja-e-kombit-me-e-mira-e-botes%2F&amp;referer=https%3A%2F%2Fwww.syri.net%2Fsport%2F&amp;cb=ad4c8d6a41\" alt=\"\" width=\"0\" height=\"0\" \/><\/div>\n<p><\/ins><\/div>\n<\/div>\n<p>Ish-Kryeministri Sali Berisha duke iu referuar shkrimit t\u00eb Gazeta Express i b\u00ebn jehon\u00eb arritjes historike t\u00eb Mrika Nik\u00e7it, e cila gjat\u00eb gjith\u00eb ngjitjeve n\u00ebp\u00ebr k\u00ebto male ka qen\u00eb s\u00eb bashku me babain e saj, Arianit Nik\u00e7i.<\/p>\n<p>\u201cAjo dje ka b\u00ebr\u00eb historin\u00eb me ngjitjen e maj\u00ebs s\u00eb malit Carstensz Pyramide n\u00eb Indonezi\u201d, shkruan fillimisht Berisha n\u00eb facebook, teksa m\u00eb tej shton: \u201cMe k\u00ebt\u00eb sukses Mrika plot\u00ebsoi pushtimin e shtat\u00eb majave m\u00eb t\u00eb larta t\u00eb shtat\u00eb kontinenteve.<\/p>\n<p>K\u00ebt\u00eb sukses t\u00eb jasht\u00ebzakonsh\u00ebm Mrika, alpinistja e re nga Peja e ka arritur n\u00eb mosh\u00eb m\u00eb t\u00eb re se \u00e7do alpiniste tjet\u00ebr deri sot.<\/p>\n<p>Shqiponj\u00eb krenare e Kombit, m\u00eb e mira e dheut.<\/p>\n<p>Miq, nj\u00eb urim t\u00eb p\u00ebrzem\u00ebrt Mrika Nik\u00e7it dhe babait t\u00eb saj, alpinistit t\u00eb madh Arianit Nik\u00e7i p\u00ebr k\u00ebt\u00eb sukses historik bot\u00ebror!\u201d.<\/p>","protected":false},"excerpt":{"rendered":"<p>Mrika Nik\u00e7i, 17-vje\u00e7arja nga Peja, ka arritur t\u00eb kompletoj\u00eb ngjitjen e malit Carstensz Pyramide n\u00eb Indonezi, duke kompletuar k\u00ebshtu ngjitjen n\u00eb 7 majat m\u00eb t\u00eb larta n\u00eb shtat\u00eb kontinente t\u00eb bot\u00ebs. Ajo tani \u00ebsht\u00eb futur n\u00eb histori si femra m\u00eb e re n\u00eb t\u00ebr\u00eb bot\u00ebn q\u00eb arrin t\u00eb kompletoj\u00eb ngjitjen e shtat\u00eb majave. N\u00eb an\u00ebn [&hellip;]<\/p>\n","protected":false},"author":2013,"featured_media":101714,"comment_status":"open","ping_status":"closed","sticky":false,"template":"","format":"standard","meta":{"footnotes":""},"categories":[241,192],"tags":[],"class_list":{"0":"post-101713","1":"post","2":"type-post","3":"status-publish","4":"format-standard","5":"has-post-thumbnail","7":"category-aktualitet","8":"category-sport"},"_links":{"self":[{"href":"https:\/\/zjarr.tv\/en\/wp-json\/wp\/v2\/posts\/101713","targetHints":{"allow":["GET"]}}],"collection":[{"href":"https:\/\/zjarr.tv\/en\/wp-json\/wp\/v2\/posts"}],"about":[{"href":"https:\/\/zjarr.tv\/en\/wp-json\/wp\/v2\/types\/post"}],"author":[{"embeddable":true,"href":"https:\/\/zjarr.tv\/en\/wp-json\/wp\/v2\/users\/2013"}],"replies":[{"embeddable":true,"href":"https:\/\/zjarr.tv\/en\/wp-json\/wp\/v2\/comments?post=101713"}],"version-history":[{"count":0,"href":"https:\/\/zjarr.tv\/en\/wp-json\/wp\/v2\/posts\/101713\/revisions"}],"wp:featuredmedia":[{"embeddable":true,"href":"https:\/\/zjarr.tv\/en\/wp-json\/wp\/v2\/media\/101714"}],"wp:attachment":[{"href":"https:\/\/zjarr.tv\/en\/wp-json\/wp\/v2\/media?parent=101713"}],"wp:term":[{"taxonomy":"category","embeddable":true,"href":"https:\/\/zjarr.tv\/en\/wp-json\/wp\/v2\/categories?post=101713"},{"taxonomy":"post_tag","embeddable":true,"href":"https:\/\/zjarr.tv\/en\/wp-json\/wp\/v2\/tags?post=101713"}],"curies":[{"name":"wp","href":"https:\/\/api.w.org\/{rel}","templated":true}]}}