{"id":101725,"date":"2019-08-16T11:22:47","date_gmt":"2019-08-16T09:22:47","guid":{"rendered":"https:\/\/zjarr.tv\/?p=101725"},"modified":"2019-08-16T11:22:47","modified_gmt":"2019-08-16T09:22:47","slug":"basha-qe-te-largojme-krimin-duhet-te-largojme-edi-ramen","status":"publish","type":"post","link":"https:\/\/zjarr.tv\/en\/basha-qe-te-largojme-krimin-duhet-te-largojme-edi-ramen\/","title":{"rendered":"Basha: Q\u00eb t\u00eb largojm\u00eb krimin duhet t\u00eb largojm\u00eb Edi Ram\u00ebn"},"content":{"rendered":"<p><em>&#8220;Q\u00eb t\u00eb largojm\u00eb krimin duhet t\u00eb largojm\u00eb Edi Ram\u00ebn<\/em>&#8221; k\u00ebshtu shkruan kryetari i PD-s\u00eb, Lulzim Basha n\u00eb nj\u00eb postim n\u00eb facebook.<\/p>\n<p>Basha thot\u00eb se Valdrin Pjetri \u00ebsht\u00eb nj\u00eb kriminel i rangut t\u00eb tret\u00eb krahasuar me kryeministrin aktual \u00a0t\u00eb cilin e quan &#8221; k\u00ebrc\u00ebnim dhe rrezik p\u00ebr jet\u00ebn dhe sigurin\u00eb e \u00e7do familje shqiptare&#8221;<\/p>\n<p>&#8220;<em>Krahasuar me Edi Ram\u00ebn, Valdrin Pjetri \u00ebsht\u00eb nj\u00eb kriminel i rangut t\u00eb tret\u00eb, nj\u00eb trafikant i d\u00ebnuar droge q\u00eb ka fshehur t\u00eb kaluar\u00ebn e tij.<\/em><\/p>\n<p><em>Por \u00ebsht\u00eb Edi Rama ai q\u00eb futi n\u00eb politik\u00eb dhe zyrat e shtetit dhe i b\u00ebri deputet\u00eb, kryebashkiak\u00eb e zyrtar\u00eb t\u00eb lart\u00eb dhjet\u00ebra kriminel\u00eb me rekorde t\u00eb tmerrshme kriminale, trafikant\u00eb, p\u00ebrdhunues e deri vras\u00ebs.<\/em><\/p>\n<p><em>Edi Rama \u00ebsht\u00eb k\u00ebrc\u00ebnim dhe rrezik p\u00ebr jet\u00ebn dhe sigurin\u00eb e \u00e7do familje shqiptare!<\/em><\/p>\n<p><em>Gjat\u00eb regjimit t\u00eb tij, Shqip\u00ebria u kthye n\u00eb parajs\u00ebn e krimit t\u00eb organizuar dhe t\u00eb pastrimit t\u00eb parave t\u00eb pista nga trafiku i drog\u00ebs dhe korrupsionit.<\/em><\/p>\n<p><em>Krimi dhe Edi Rama jan\u00eb t\u00eb pandash\u00ebm. Q\u00eb t\u00eb largojm\u00eb krimin duhet t\u00eb largojm\u00eb Edi Ram\u00ebn.&#8221;\u00a0<\/em><\/p>","protected":false},"excerpt":{"rendered":"<p>&#8220;Q\u00eb t\u00eb largojm\u00eb krimin duhet t\u00eb largojm\u00eb Edi Ram\u00ebn&#8221; k\u00ebshtu shkruan kryetari i PD-s\u00eb, Lulzim Basha n\u00eb nj\u00eb postim n\u00eb facebook. Basha thot\u00eb se Valdrin Pjetri \u00ebsht\u00eb nj\u00eb kriminel i rangut t\u00eb tret\u00eb krahasuar me kryeministrin aktual \u00a0t\u00eb cilin e quan &#8221; k\u00ebrc\u00ebnim dhe rrezik p\u00ebr jet\u00ebn dhe sigurin\u00eb e \u00e7do familje shqiptare&#8221; &#8220;Krahasuar me [&hellip;]<\/p>\n","protected":false},"author":4,"featured_media":96738,"comment_status":"open","ping_status":"closed","sticky":false,"template":"","format":"standard","meta":{"footnotes":""},"categories":[241,231,235],"tags":[],"class_list":{"0":"post-101725","1":"post","2":"type-post","3":"status-publish","4":"format-standard","5":"has-post-thumbnail","7":"category-aktualitet","8":"category-lajme","9":"category-vendi"},"_links":{"self":[{"href":"https:\/\/zjarr.tv\/en\/wp-json\/wp\/v2\/posts\/101725","targetHints":{"allow":["GET"]}}],"collection":[{"href":"https:\/\/zjarr.tv\/en\/wp-json\/wp\/v2\/posts"}],"about":[{"href":"https:\/\/zjarr.tv\/en\/wp-json\/wp\/v2\/types\/post"}],"author":[{"embeddable":true,"href":"https:\/\/zjarr.tv\/en\/wp-json\/wp\/v2\/users\/4"}],"replies":[{"embeddable":true,"href":"https:\/\/zjarr.tv\/en\/wp-json\/wp\/v2\/comments?post=101725"}],"version-history":[{"count":0,"href":"https:\/\/zjarr.tv\/en\/wp-json\/wp\/v2\/posts\/101725\/revisions"}],"wp:featuredmedia":[{"embeddable":true,"href":"https:\/\/zjarr.tv\/en\/wp-json\/wp\/v2\/media\/96738"}],"wp:attachment":[{"href":"https:\/\/zjarr.tv\/en\/wp-json\/wp\/v2\/media?parent=101725"}],"wp:term":[{"taxonomy":"category","embeddable":true,"href":"https:\/\/zjarr.tv\/en\/wp-json\/wp\/v2\/categories?post=101725"},{"taxonomy":"post_tag","embeddable":true,"href":"https:\/\/zjarr.tv\/en\/wp-json\/wp\/v2\/tags?post=101725"}],"curies":[{"name":"wp","href":"https:\/\/api.w.org\/{rel}","templated":true}]}}