{"id":101727,"date":"2019-08-16T11:30:23","date_gmt":"2019-08-16T09:30:23","guid":{"rendered":"https:\/\/zjarr.tv\/?p=101727"},"modified":"2019-08-16T11:30:23","modified_gmt":"2019-08-16T09:30:23","slug":"i-shumekerkuari-per-vrasje-del-para-gjykates-jepet-masa-e-sigurise","status":"publish","type":"post","link":"https:\/\/zjarr.tv\/en\/i-shumekerkuari-per-vrasje-del-para-gjykates-jepet-masa-e-sigurise\/","title":{"rendered":"I shum\u00ebk\u00ebrkuari p\u00ebr vrasje del para gjykat\u00ebs, jepet masa e siguris\u00eb"},"content":{"rendered":"<p>&#8220;Arrest me burg&#8221; p\u00ebr Sadetin Erko\u00e7eviq i cili u arrestua t\u00eb mart\u00ebn (13 gusht) n\u00eb rrug\u00ebn &#8220;Bilal Xhaferri&#8221; n\u00eb Tiran\u00eb ku dyshohej se do t\u00eb kryente nj\u00eb vrasje.<\/p>\n<p>Gjykata e Tiran\u00ebs dha sot mas\u00ebn e siguris\u00eb.<\/p>\n<p>Vet\u00eb Erko\u00e7eviq \u00ebsht\u00eb shprehur se do t\u00eb flas\u00eb n\u00eb nj\u00eb moment t\u00eb dyt\u00eb nd\u00ebrsa ka shtuar se &#8216;nuk \u00a0ishte n\u00eb dijeni t\u00eb d\u00ebnimit t\u00eb tij n\u00eb munges\u00eb&#8221;<\/p>\n<p>Nd\u00ebrsa avokatja mbrojti faktin se klienti i tij kishte arm\u00eb n\u00eb momentin e ndalimit me argumentin se : e kishte p\u00ebr vet\u00ebmbrojtje p\u00ebr shkak t\u00eb ngjarjes s\u00eb m\u00ebparshme&#8221;<\/p>\n<p>28-vje\u00e7ari i shpallur n\u00eb k\u00ebrkim dhe i d\u00ebnuar me 20 vjet burg p\u00ebr vrasje n\u00eb Shkod\u00ebr u arrestua pran\u00eb zon\u00ebs s\u00eb Liqenit Artificial n\u00eb Tiran\u00eb me arm\u00eb t\u00eb mbushur.<\/p>\n<p>Policia nuk dha detaje p\u00ebr sh\u00ebnjestr\u00ebn e t\u00eb riut nga Shkodra apo motivin e vrasjes s\u00eb parandaluar, nd\u00ebrsa t\u00eb k\u00ebrkuarit iu gjet n\u00eb \u00e7ant\u00ebn e dor\u00ebs nj\u00eb arm\u00eb zjarri tip pistolet\u00eb me 14 fishek\u00eb, nj\u00eb prej t\u00eb cil\u00ebve n\u00eb fole.<\/p>\n<p>Nga t\u00eb dh\u00ebnat paraprake, blut\u00eb dyshojn\u00eb se kemi t\u00eb b\u00ebjm\u00eb me vras\u00ebs me pages\u00eb Erko\u00e7eviq ishte nj\u00eb nga 31 personat m\u00eb t\u00eb k\u00ebrkuar n\u00eb qarkun e Shkodr\u00ebs, i d\u00ebnuar n\u00eb munges\u00eb me 20 vite burg pasi n\u00eb 10 maj t\u00eb 2014 ka vrar\u00eb me arm\u00eb zjarri Indrit Yllin dhe ka plagosur shtetasin Jetmir Molla.<\/p>","protected":false},"excerpt":{"rendered":"<p>&#8220;Arrest me burg&#8221; p\u00ebr Sadetin Erko\u00e7eviq i cili u arrestua t\u00eb mart\u00ebn (13 gusht) n\u00eb rrug\u00ebn &#8220;Bilal Xhaferri&#8221; n\u00eb Tiran\u00eb ku dyshohej se do t\u00eb kryente nj\u00eb vrasje. Gjykata e Tiran\u00ebs dha sot mas\u00ebn e siguris\u00eb. Vet\u00eb Erko\u00e7eviq \u00ebsht\u00eb shprehur se do t\u00eb flas\u00eb n\u00eb nj\u00eb moment t\u00eb dyt\u00eb nd\u00ebrsa ka shtuar se &#8216;nuk \u00a0ishte [&hellip;]<\/p>\n","protected":false},"author":4,"featured_media":101728,"comment_status":"open","ping_status":"closed","sticky":false,"template":"","format":"standard","meta":{"footnotes":""},"categories":[241,231,235],"tags":[],"class_list":{"0":"post-101727","1":"post","2":"type-post","3":"status-publish","4":"format-standard","5":"has-post-thumbnail","7":"category-aktualitet","8":"category-lajme","9":"category-vendi"},"_links":{"self":[{"href":"https:\/\/zjarr.tv\/en\/wp-json\/wp\/v2\/posts\/101727","targetHints":{"allow":["GET"]}}],"collection":[{"href":"https:\/\/zjarr.tv\/en\/wp-json\/wp\/v2\/posts"}],"about":[{"href":"https:\/\/zjarr.tv\/en\/wp-json\/wp\/v2\/types\/post"}],"author":[{"embeddable":true,"href":"https:\/\/zjarr.tv\/en\/wp-json\/wp\/v2\/users\/4"}],"replies":[{"embeddable":true,"href":"https:\/\/zjarr.tv\/en\/wp-json\/wp\/v2\/comments?post=101727"}],"version-history":[{"count":0,"href":"https:\/\/zjarr.tv\/en\/wp-json\/wp\/v2\/posts\/101727\/revisions"}],"wp:featuredmedia":[{"embeddable":true,"href":"https:\/\/zjarr.tv\/en\/wp-json\/wp\/v2\/media\/101728"}],"wp:attachment":[{"href":"https:\/\/zjarr.tv\/en\/wp-json\/wp\/v2\/media?parent=101727"}],"wp:term":[{"taxonomy":"category","embeddable":true,"href":"https:\/\/zjarr.tv\/en\/wp-json\/wp\/v2\/categories?post=101727"},{"taxonomy":"post_tag","embeddable":true,"href":"https:\/\/zjarr.tv\/en\/wp-json\/wp\/v2\/tags?post=101727"}],"curies":[{"name":"wp","href":"https:\/\/api.w.org\/{rel}","templated":true}]}}