{"id":101730,"date":"2019-08-16T11:33:06","date_gmt":"2019-08-16T09:33:06","guid":{"rendered":"https:\/\/zjarr.tv\/?p=101730"},"modified":"2019-08-16T11:33:06","modified_gmt":"2019-08-16T09:33:06","slug":"pjetri-rama-fshehja-e-patolerueshme-verifikim-politikaneve","status":"publish","type":"post","link":"https:\/\/zjarr.tv\/en\/pjetri-rama-fshehja-e-patolerueshme-verifikim-politikaneve\/","title":{"rendered":"\u201cPjetri\u201d, Rama: Fshehja e patolerueshme! Verifikim politikan\u00ebve"},"content":{"rendered":"<p style=\"background: white;margin: 0in 0in 6.8pt 0in\"><em><span style=\"font-size: 11.0pt;font-family: 'Helvetica','sans-serif';color: #333333\">\u00a0<\/span><\/em><span style=\"font-size: 11.0pt;font-family: 'Helvetica','sans-serif';color: #333333\">Kryeministri Edi Rama p\u00ebrmes nj\u00eb postimi n\u00eb twitter reagon ndaj dor\u00ebheqjes s\u00eb Valdrin Pjetrit.<\/span><\/p>\n<p style=\"background: white;text-align: start;margin: 0in 0in 6.8pt 0in\"><span style=\"font-size: 11.0pt;font-family: 'Helvetica','sans-serif';color: #333333\">Rama justifikon arsyen pse partia nuk mundi te verifikonte te kaluaren e Pjetrit \u00a0\u00a0<\/span><\/p>\n<p style=\"background: white;text-align: start;margin: 0in 0in 6.8pt 0in\"><em><span style=\"font-size: 11.0pt;font-family: 'Helvetica','sans-serif';color: #333333\">&#8220;Valdrin Pjetri nuk \u00ebsht\u00eb kriminel! Ai ka sh\u00ebrbyer n\u00eb administrat\u00eb si n\u00ebpun\u00ebs korrekt qysh n\u00eb koh\u00ebn e qeverisjes s\u00eb PD. \u00c7far\u00ebdo t\u00eb ket\u00eb b\u00ebr\u00eb 19 vje\u00e7 nuk e b\u00ebn kurr\u00ebsesi njeriun nj\u00eb kriminel! Por fshehja e ngjarjes \u00ebsht\u00eb e patolerueshme dhe pasojat p\u00ebr Shkodr\u00ebn t\u00eb pajustifikueshme!<\/span><\/em><span style=\"font-size: 11.0pt;font-family: 'Helvetica','sans-serif';color: #333333\">\u00a0<br \/><i><br \/><em><span style=\"font-family: 'Helvetica','sans-serif'\">Partit\u00eb nuk verifikojn\u00eb dot t\u00eb dh\u00ebna individuale jasht\u00eb afateve t\u00eb p\u00ebrcaktuara nga shtetet p\u00ebr d\u00ebshmin\u00eb e penalitetit. Ato merren vet\u00ebm me k\u00ebrkes\u00eb nga policia ose prokuroria. Koha t\u00eb fusim n\u00eb ligj afate verifikimi shtet\u00ebror t\u00eb kandidaturave para regjistrimit t\u00eb tyre n\u00eb zgjedhje!<\/span><\/em><br \/><\/i><br \/><em><span style=\"font-family: 'Helvetica','sans-serif'\">Nj\u00eb kandidat q\u00eb g\u00ebnjen n\u00eb mir\u00ebbesim dhe n\u00eb formularin e vet\u00ebdeklarimit s\u2019mund t\u00eb ler\u00eb n\u00eb balt\u00eb zgjedh\u00ebsit dhe partin\u00eb q\u00eb e ka besuar. Ai duhet t\u00eb p\u00ebrjashtohet nga gara pa mundur t\u00eb regjistrohet n\u00eb zgjedhje dhe ta marr\u00eb t\u00eb plot\u00eb gjith\u00eb p\u00ebrgjegj\u00ebsin\u00eb e vet\u00ebdeklarimit t\u00eb rrem\u00eb.<\/span><\/em><i><br \/><\/i><br \/><em><span style=\"font-family: 'Helvetica','sans-serif'\">Jo vet\u00ebm kaq,po \u00ebsht\u00eb koha t\u00eb nis\u00eb verifikimi shtet\u00ebror i t\u00eb gjitha vet\u00ebdeklarimeve t\u00eb politikan\u00ebve e punonj\u00ebsve t\u00eb shtetit q\u00eb kan\u00eb firmosur.\u00c7do vet\u00ebdeklarim i rrem\u00eb duhet t\u00eb sjell\u00eb p\u00ebrjashtim dhe d\u00ebnim penal.P\u00ebrgjegj\u00ebsia individuale s\u2019mund t\u00eb ket\u00eb m\u00eb asnj\u00eb fije kosto kolektive.&#8221;\u00a0<\/span><\/em><\/span><\/p>\n<h3 style=\"background: white;margin: 13.6pt 0in 6.8pt 0in\"><span class=\"post-title\"><span style=\"font-size: 14.0pt;font-family: 'Helvetica','sans-serif';color: #191919\">\u00a0<\/span><\/span><\/h3>","protected":false},"excerpt":{"rendered":"<p>\u00a0Kryeministri Edi Rama p\u00ebrmes nj\u00eb postimi n\u00eb twitter reagon ndaj dor\u00ebheqjes s\u00eb Valdrin Pjetrit. Rama justifikon arsyen pse partia nuk mundi te verifikonte te kaluaren e Pjetrit \u00a0\u00a0 &#8220;Valdrin Pjetri nuk \u00ebsht\u00eb kriminel! Ai ka sh\u00ebrbyer n\u00eb administrat\u00eb si n\u00ebpun\u00ebs korrekt qysh n\u00eb koh\u00ebn e qeverisjes s\u00eb PD. \u00c7far\u00ebdo t\u00eb ket\u00eb b\u00ebr\u00eb 19 vje\u00e7 nuk [&hellip;]<\/p>\n","protected":false},"author":4,"featured_media":101731,"comment_status":"open","ping_status":"closed","sticky":false,"template":"","format":"standard","meta":{"footnotes":""},"categories":[241,231,235],"tags":[],"class_list":{"0":"post-101730","1":"post","2":"type-post","3":"status-publish","4":"format-standard","5":"has-post-thumbnail","7":"category-aktualitet","8":"category-lajme","9":"category-vendi"},"_links":{"self":[{"href":"https:\/\/zjarr.tv\/en\/wp-json\/wp\/v2\/posts\/101730","targetHints":{"allow":["GET"]}}],"collection":[{"href":"https:\/\/zjarr.tv\/en\/wp-json\/wp\/v2\/posts"}],"about":[{"href":"https:\/\/zjarr.tv\/en\/wp-json\/wp\/v2\/types\/post"}],"author":[{"embeddable":true,"href":"https:\/\/zjarr.tv\/en\/wp-json\/wp\/v2\/users\/4"}],"replies":[{"embeddable":true,"href":"https:\/\/zjarr.tv\/en\/wp-json\/wp\/v2\/comments?post=101730"}],"version-history":[{"count":0,"href":"https:\/\/zjarr.tv\/en\/wp-json\/wp\/v2\/posts\/101730\/revisions"}],"wp:featuredmedia":[{"embeddable":true,"href":"https:\/\/zjarr.tv\/en\/wp-json\/wp\/v2\/media\/101731"}],"wp:attachment":[{"href":"https:\/\/zjarr.tv\/en\/wp-json\/wp\/v2\/media?parent=101730"}],"wp:term":[{"taxonomy":"category","embeddable":true,"href":"https:\/\/zjarr.tv\/en\/wp-json\/wp\/v2\/categories?post=101730"},{"taxonomy":"post_tag","embeddable":true,"href":"https:\/\/zjarr.tv\/en\/wp-json\/wp\/v2\/tags?post=101730"}],"curies":[{"name":"wp","href":"https:\/\/api.w.org\/{rel}","templated":true}]}}