{"id":101742,"date":"2019-08-16T13:27:53","date_gmt":"2019-08-16T11:27:53","guid":{"rendered":"https:\/\/zjarr.tv\/?p=101742"},"modified":"2019-08-16T13:27:53","modified_gmt":"2019-08-16T11:27:53","slug":"aksident-ne-autostraden-lezhe-tirane-kalimtarja-tentoi-te-kaloje-permes","status":"publish","type":"post","link":"https:\/\/zjarr.tv\/en\/aksident-ne-autostraden-lezhe-tirane-kalimtarja-tentoi-te-kaloje-permes\/","title":{"rendered":"Aksident n\u00eb autostrad\u00ebn Lezh\u00eb &#8211; Tiran\u00eb, kalimtarja tentoi t\u00eb kaloj\u00eb p\u00ebrmes"},"content":{"rendered":"<p>Nj\u00eb aksident me nj\u00eb t\u00eb vdekur ka ndodhur n\u00eb or\u00ebn 7:15\u00a0n\u00eb autostrad\u00ebn\u00a0Lezh\u00eb &#8211; Tiran\u00eb, af\u00ebr \u00a0mbikalimit t\u00eb Patokut.<\/p>\n<p>Nj\u00eb kalimtare, A.M. 54 vje\u00e7e, ka dashur t\u00eb kaloj\u00eb autostrad\u00eb, por \u00ebsht\u00eb p\u00ebrplasur nga nj\u00eb makin\u00eb Volkswagen q\u00eb drejtohej nga shtetasi kosovar H.A.. Viktima, banuese n\u00eb Mirdit\u00eb, \u00a0ka nd\u00ebrruar jet\u00eb rrug\u00ebs p\u00ebr n\u00eb spital.<\/p>\n<p>Ajo, n\u00eb momentin e aksidentit, ka qen\u00eb duke tentuar t\u00eb kaloj\u00eb n\u00eb an\u00ebn tjet\u00ebr t\u00eb rrug\u00ebs p\u00ebrmes superstrades. Drejtuesi i mjetit \u00ebsht\u00eb shoq\u00ebruar n\u00eb ambientet e Policis\u00eb p\u00ebr veprime t\u00eb m\u00ebtejshme hetimore procedurale. Grupi hetimor vazhdon veprimet hetimore n\u00eb vendngjarje p\u00ebr zbardhjen e plot\u00eb t\u00eb rrethanave t\u00eb aksidentit.<\/p>","protected":false},"excerpt":{"rendered":"<p>Nj\u00eb aksident me nj\u00eb t\u00eb vdekur ka ndodhur n\u00eb or\u00ebn 7:15\u00a0n\u00eb autostrad\u00ebn\u00a0Lezh\u00eb &#8211; Tiran\u00eb, af\u00ebr \u00a0mbikalimit t\u00eb Patokut. Nj\u00eb kalimtare, A.M. 54 vje\u00e7e, ka dashur t\u00eb kaloj\u00eb autostrad\u00eb, por \u00ebsht\u00eb p\u00ebrplasur nga nj\u00eb makin\u00eb Volkswagen q\u00eb drejtohej nga shtetasi kosovar H.A.. Viktima, banuese n\u00eb Mirdit\u00eb, \u00a0ka nd\u00ebrruar jet\u00eb rrug\u00ebs p\u00ebr n\u00eb spital. Ajo, n\u00eb momentin [&hellip;]<\/p>\n","protected":false},"author":2013,"featured_media":101743,"comment_status":"open","ping_status":"closed","sticky":false,"template":"","format":"standard","meta":{"footnotes":""},"categories":[241,235],"tags":[],"class_list":{"0":"post-101742","1":"post","2":"type-post","3":"status-publish","4":"format-standard","5":"has-post-thumbnail","7":"category-aktualitet","8":"category-vendi"},"_links":{"self":[{"href":"https:\/\/zjarr.tv\/en\/wp-json\/wp\/v2\/posts\/101742","targetHints":{"allow":["GET"]}}],"collection":[{"href":"https:\/\/zjarr.tv\/en\/wp-json\/wp\/v2\/posts"}],"about":[{"href":"https:\/\/zjarr.tv\/en\/wp-json\/wp\/v2\/types\/post"}],"author":[{"embeddable":true,"href":"https:\/\/zjarr.tv\/en\/wp-json\/wp\/v2\/users\/2013"}],"replies":[{"embeddable":true,"href":"https:\/\/zjarr.tv\/en\/wp-json\/wp\/v2\/comments?post=101742"}],"version-history":[{"count":0,"href":"https:\/\/zjarr.tv\/en\/wp-json\/wp\/v2\/posts\/101742\/revisions"}],"wp:featuredmedia":[{"embeddable":true,"href":"https:\/\/zjarr.tv\/en\/wp-json\/wp\/v2\/media\/101743"}],"wp:attachment":[{"href":"https:\/\/zjarr.tv\/en\/wp-json\/wp\/v2\/media?parent=101742"}],"wp:term":[{"taxonomy":"category","embeddable":true,"href":"https:\/\/zjarr.tv\/en\/wp-json\/wp\/v2\/categories?post=101742"},{"taxonomy":"post_tag","embeddable":true,"href":"https:\/\/zjarr.tv\/en\/wp-json\/wp\/v2\/tags?post=101742"}],"curies":[{"name":"wp","href":"https:\/\/api.w.org\/{rel}","templated":true}]}}