{"id":101751,"date":"2019-08-16T13:36:33","date_gmt":"2019-08-16T11:36:33","guid":{"rendered":"https:\/\/zjarr.tv\/?p=101751"},"modified":"2019-08-16T13:36:33","modified_gmt":"2019-08-16T11:36:33","slug":"aksident-ne-manze-prane-fshatit-te-muxhahedineve","status":"publish","type":"post","link":"https:\/\/zjarr.tv\/en\/aksident-ne-manze-prane-fshatit-te-muxhahedineve\/","title":{"rendered":"Aksident n\u00eb Manz\u00eb pran\u00eb fshatit t\u00eb Muxhahedin\u00ebve"},"content":{"rendered":"<p>Nj\u00eb aksident ka ndodhur paraditen e sotme n\u00eb Manz\u00eb, af\u00ebr fshatit t\u00eb muxhahedin\u00ebve.<\/p>\n<p>Nje makine ka p\u00ebrfunduar n\u00eb kanalin an\u00ebsor t\u00eb rrug\u00ebs.<\/p>\n<div class=\"in-artile-read-more\">\n<h2><span style=\"font-family: Verdana, Geneva, sans-serif; font-size: 15px; color: #222222;\">Policia ka mb\u00ebrritur n\u00eb vendngjarje dhe po punon p\u00ebr zbardhjen e shkaqeve t\u00eb aksidentit.<\/span><\/h2>\n<\/div>\n<div id=\"rekl-13\">\n<div id=\"__sap-ad-15\" class=\"__sap-ads __sap-html tracked\" data-title=\"Credins desktop 08\"><ins><\/p>\n<div id=\"beacon_24b581951d\"><img loading=\"lazy\" decoding=\"async\" src=\"https:\/\/ads1.medium.al\/www\/delivery\/lg.php?bannerid=373&amp;campaignid=48&amp;zoneid=182&amp;loc=https%3A%2F%2Fwww.syri.net%2Fkronike%2F274239%2Ffoto-aksident-ne-manze-prane-fshatit-te-muxhahedineve%2F&amp;referer=https%3A%2F%2Fwww.syri.net%2Flajme%2F&amp;cb=24b581951d\" alt=\"\" width=\"0\" height=\"0\" \/><\/div>\n<p><\/ins><\/div>\n<\/div>\n<p>Dyshohet se shkak ka q\u00ebn\u00eb shpejt\u00ebsia e madhe n\u00eb rrug\u00eb. Deri tani nuk raportohet p\u00ebr t\u00eb l\u00ebnduar.<\/p>","protected":false},"excerpt":{"rendered":"<p>Nj\u00eb aksident ka ndodhur paraditen e sotme n\u00eb Manz\u00eb, af\u00ebr fshatit t\u00eb muxhahedin\u00ebve. Nje makine ka p\u00ebrfunduar n\u00eb kanalin an\u00ebsor t\u00eb rrug\u00ebs. Policia ka mb\u00ebrritur n\u00eb vendngjarje dhe po punon p\u00ebr zbardhjen e shkaqeve t\u00eb aksidentit. Dyshohet se shkak ka q\u00ebn\u00eb shpejt\u00ebsia e madhe n\u00eb rrug\u00eb. Deri tani nuk raportohet p\u00ebr t\u00eb l\u00ebnduar.<\/p>","protected":false},"author":2013,"featured_media":101752,"comment_status":"open","ping_status":"closed","sticky":false,"template":"","format":"standard","meta":{"footnotes":""},"categories":[241,235],"tags":[],"class_list":{"0":"post-101751","1":"post","2":"type-post","3":"status-publish","4":"format-standard","5":"has-post-thumbnail","7":"category-aktualitet","8":"category-vendi"},"_links":{"self":[{"href":"https:\/\/zjarr.tv\/en\/wp-json\/wp\/v2\/posts\/101751","targetHints":{"allow":["GET"]}}],"collection":[{"href":"https:\/\/zjarr.tv\/en\/wp-json\/wp\/v2\/posts"}],"about":[{"href":"https:\/\/zjarr.tv\/en\/wp-json\/wp\/v2\/types\/post"}],"author":[{"embeddable":true,"href":"https:\/\/zjarr.tv\/en\/wp-json\/wp\/v2\/users\/2013"}],"replies":[{"embeddable":true,"href":"https:\/\/zjarr.tv\/en\/wp-json\/wp\/v2\/comments?post=101751"}],"version-history":[{"count":0,"href":"https:\/\/zjarr.tv\/en\/wp-json\/wp\/v2\/posts\/101751\/revisions"}],"wp:featuredmedia":[{"embeddable":true,"href":"https:\/\/zjarr.tv\/en\/wp-json\/wp\/v2\/media\/101752"}],"wp:attachment":[{"href":"https:\/\/zjarr.tv\/en\/wp-json\/wp\/v2\/media?parent=101751"}],"wp:term":[{"taxonomy":"category","embeddable":true,"href":"https:\/\/zjarr.tv\/en\/wp-json\/wp\/v2\/categories?post=101751"},{"taxonomy":"post_tag","embeddable":true,"href":"https:\/\/zjarr.tv\/en\/wp-json\/wp\/v2\/tags?post=101751"}],"curies":[{"name":"wp","href":"https:\/\/api.w.org\/{rel}","templated":true}]}}