{"id":101760,"date":"2019-08-16T14:00:32","date_gmt":"2019-08-16T12:00:32","guid":{"rendered":"https:\/\/zjarr.tv\/?p=101760"},"modified":"2019-08-16T14:00:32","modified_gmt":"2019-08-16T12:00:32","slug":"klosi-me-lule-tek-turistet-qe-i-rrahen-ne-himare-nuk-eshte-ne-traditen-shqiptare-te-mikpritjes","status":"publish","type":"post","link":"https:\/\/zjarr.tv\/en\/klosi-me-lule-tek-turistet-qe-i-rrahen-ne-himare-nuk-eshte-ne-traditen-shqiptare-te-mikpritjes\/","title":{"rendered":"Klosi, me lule, tek turist\u00ebt q\u00eb i rrah\u00ebn n\u00eb Himar\u00eb: Nuk \u00ebsht\u00eb n\u00eb tradit\u00ebn shqiptare t\u00eb mikpritjes &#8230;"},"content":{"rendered":"<p>K\u00ebta jan\u00eb turist\u00ebt spanjoll\u00eb, q\u00eb p\u00ebrjetuan \u00a0momente tmerri dje n\u00eb nj\u00eb lokal n\u00eb Porto Palermo, ku nuk u sh\u00ebrbyen si duhet. Midis tyre, edhe f\u00ebmij\u00eb. Pronari i lokalit, tep\u00ebr agresiv, iu v\u00ebrsul atyre me fyerje dhe duke i sulmuar e si t\u00eb mos mjaftonte, hipi deri edhe mbi kofanon e furgonit t\u00eb tyre, n\u00eb l\u00ebvizje, duke goditur xhamin e p\u00ebrparm\u00eb derisa e theu.<\/p>\n<p>M\u00ebngjesin e sot\u00ebm, tek ata ka trokitur Blendi Klodi, ministri i Turizmit, me nj\u00eb tuf\u00eb lule n\u00eb dor\u00eb p\u00ebr t&#8217;u k\u00ebrkuar ndjes\u00eb p\u00ebr at\u00eb sjellje q\u00eb shokoi mbar\u00eb shqiptar\u00ebt m\u00eb shum\u00eb se t\u00eb huajt.<\/p>\n<div id=\"rekl-13\">\n<div id=\"__sap-ad-15\" class=\"__sap-ads __sap-html tracked\" data-title=\"Credins desktop 08\"><ins><\/p>\n<div id=\"beacon_d116e3b2cc\"><img loading=\"lazy\" decoding=\"async\" src=\"https:\/\/ads1.medium.al\/www\/delivery\/lg.php?bannerid=373&amp;campaignid=48&amp;zoneid=182&amp;loc=https%3A%2F%2Fwww.syri.net%2Fkronike%2F274265%2Fklosi-me-lule-tek-turistet-qe-i-rrahen-ne-himare-nuk-eshte-ne-traditen-shqiptare-te-mikpritjes%2F&amp;referer=https%3A%2F%2Fwww.syri.net%2Flajme%2F&amp;cb=d116e3b2cc\" alt=\"\" width=\"0\" height=\"0\" \/><\/div>\n<p><\/ins><\/div>\n<\/div>\n<p>Klosi, krahas\u00a0fotove t\u00eb publikuara sot, ka l\u00ebn\u00eb mesazh n\u00eb Fb: &#8220;N\u00eb m\u00ebngjes, me familjen e pushuesve nga Spanja, q\u00eb dje p\u00ebrjetuan nj\u00eb eksperienc\u00eb konflikti n\u00eb Himar\u00eb, q\u00eb nuk \u00ebsht\u00eb as n\u00eb tradit\u00ebn shqiptare t\u00eb mikpritjes dhe as n\u00eb kultur\u00ebn ton\u00eb p\u00ebr trajtimin e miqve.<\/p>\n<p>Por si\u00e7 e tha edhe p\u00ebrfaq\u00ebsuesi i familjes Galdon, nj\u00eb njeri i vet\u00ebm nuk p\u00ebrfaq\u00ebson Shqip\u00ebrin\u00eb, sikund\u00ebr vler\u00ebsoi reagimin e menj\u00ebhersh\u00ebm t\u00eb autoriteteve dhe interesimin e drejt\u00ebp\u00ebrdrejt\u00eb t\u00eb qeveris\u00eb.&#8221;<\/p>","protected":false},"excerpt":{"rendered":"<p>K\u00ebta jan\u00eb turist\u00ebt spanjoll\u00eb, q\u00eb p\u00ebrjetuan \u00a0momente tmerri dje n\u00eb nj\u00eb lokal n\u00eb Porto Palermo, ku nuk u sh\u00ebrbyen si duhet. Midis tyre, edhe f\u00ebmij\u00eb. Pronari i lokalit, tep\u00ebr agresiv, iu v\u00ebrsul atyre me fyerje dhe duke i sulmuar e si t\u00eb mos mjaftonte, hipi deri edhe mbi kofanon e furgonit t\u00eb tyre, n\u00eb l\u00ebvizje, [&hellip;]<\/p>\n","protected":false},"author":2013,"featured_media":101761,"comment_status":"open","ping_status":"closed","sticky":false,"template":"","format":"standard","meta":{"footnotes":""},"categories":[241,235],"tags":[],"class_list":{"0":"post-101760","1":"post","2":"type-post","3":"status-publish","4":"format-standard","5":"has-post-thumbnail","7":"category-aktualitet","8":"category-vendi"},"_links":{"self":[{"href":"https:\/\/zjarr.tv\/en\/wp-json\/wp\/v2\/posts\/101760","targetHints":{"allow":["GET"]}}],"collection":[{"href":"https:\/\/zjarr.tv\/en\/wp-json\/wp\/v2\/posts"}],"about":[{"href":"https:\/\/zjarr.tv\/en\/wp-json\/wp\/v2\/types\/post"}],"author":[{"embeddable":true,"href":"https:\/\/zjarr.tv\/en\/wp-json\/wp\/v2\/users\/2013"}],"replies":[{"embeddable":true,"href":"https:\/\/zjarr.tv\/en\/wp-json\/wp\/v2\/comments?post=101760"}],"version-history":[{"count":0,"href":"https:\/\/zjarr.tv\/en\/wp-json\/wp\/v2\/posts\/101760\/revisions"}],"wp:featuredmedia":[{"embeddable":true,"href":"https:\/\/zjarr.tv\/en\/wp-json\/wp\/v2\/media\/101761"}],"wp:attachment":[{"href":"https:\/\/zjarr.tv\/en\/wp-json\/wp\/v2\/media?parent=101760"}],"wp:term":[{"taxonomy":"category","embeddable":true,"href":"https:\/\/zjarr.tv\/en\/wp-json\/wp\/v2\/categories?post=101760"},{"taxonomy":"post_tag","embeddable":true,"href":"https:\/\/zjarr.tv\/en\/wp-json\/wp\/v2\/tags?post=101760"}],"curies":[{"name":"wp","href":"https:\/\/api.w.org\/{rel}","templated":true}]}}