{"id":101763,"date":"2019-08-16T14:14:40","date_gmt":"2019-08-16T12:14:40","guid":{"rendered":"https:\/\/zjarr.tv\/?p=101763"},"modified":"2019-08-16T14:14:40","modified_gmt":"2019-08-16T12:14:40","slug":"sekuestrohen-120-mije-euro","status":"publish","type":"post","link":"https:\/\/zjarr.tv\/en\/sekuestrohen-120-mije-euro\/","title":{"rendered":"Sekuestrohen 120 mij\u00eb Euro"},"content":{"rendered":"<p>Specialist\u00ebt p\u00ebr Hetimin e Krimit Ekonomik e Financiar, vijojn\u00eb pun\u00ebn p\u00ebr evidentimin e aseteve dhe llogarive bankare t\u00eb personave t\u00eb dyshuar p\u00ebr veprimtari kriminale.<\/p>\n<p>N\u00eb bashk\u00ebpunim me Prokurorin\u00eb e Rrethit Gjyq\u00ebsor Fier, Specialist\u00ebt p\u00ebr Hetimin e Krimit Ekonomik e Financiar n\u00eb Drejtorin\u00eb Vendore t\u00eb Policis\u00eb Fier, kan\u00eb vendosur sekuestro preventive mbi llogarin\u00eb bankare m\u00eb vler\u00ebn 120.000 euro., t\u00eb shtetasit T.B.<\/p>\n<p>Shtetasi T.B., dyshohet p\u00ebr kryerjen e vepr\u00ebs penale \u201cPastrimi i produkteve t\u00eb vepr\u00ebs penale ose veprimtaris\u00eb kriminale\u201d.<\/p>\n<div id=\"rekl-13\">\n<div id=\"__sap-ad-15\" class=\"__sap-ads __sap-html tracked\" data-title=\"Credins desktop 08\"><ins><\/p>\n<div id=\"beacon_5ebd16d28c\"><img loading=\"lazy\" decoding=\"async\" src=\"https:\/\/ads1.medium.al\/www\/delivery\/lg.php?bannerid=373&amp;campaignid=48&amp;zoneid=182&amp;loc=https%3A%2F%2Fwww.syri.net%2Fkronike%2F274273%2Fsekuestrohen-120-mije-euro%2F&amp;referer=https%3A%2F%2Fwww.syri.net%2Flajme%2F&amp;cb=5ebd16d28c\" alt=\"\" width=\"0\" height=\"0\" \/><\/div>\n<p><\/ins><\/div>\n<\/div>\n<p>Materialet hetimore i kaluan Prokuroris\u00eb pran\u00eb Gjykat\u00ebs s\u00eb Shkall\u00ebs s\u00eb Par\u00eb Fier p\u00ebr veprime t\u00eb m\u00ebtejshme.<\/p>","protected":false},"excerpt":{"rendered":"<p>Specialist\u00ebt p\u00ebr Hetimin e Krimit Ekonomik e Financiar, vijojn\u00eb pun\u00ebn p\u00ebr evidentimin e aseteve dhe llogarive bankare t\u00eb personave t\u00eb dyshuar p\u00ebr veprimtari kriminale. N\u00eb bashk\u00ebpunim me Prokurorin\u00eb e Rrethit Gjyq\u00ebsor Fier, Specialist\u00ebt p\u00ebr Hetimin e Krimit Ekonomik e Financiar n\u00eb Drejtorin\u00eb Vendore t\u00eb Policis\u00eb Fier, kan\u00eb vendosur sekuestro preventive mbi llogarin\u00eb bankare m\u00eb vler\u00ebn [&hellip;]<\/p>\n","protected":false},"author":2013,"featured_media":93321,"comment_status":"open","ping_status":"closed","sticky":false,"template":"","format":"standard","meta":{"footnotes":""},"categories":[241,235],"tags":[],"class_list":{"0":"post-101763","1":"post","2":"type-post","3":"status-publish","4":"format-standard","5":"has-post-thumbnail","7":"category-aktualitet","8":"category-vendi"},"_links":{"self":[{"href":"https:\/\/zjarr.tv\/en\/wp-json\/wp\/v2\/posts\/101763","targetHints":{"allow":["GET"]}}],"collection":[{"href":"https:\/\/zjarr.tv\/en\/wp-json\/wp\/v2\/posts"}],"about":[{"href":"https:\/\/zjarr.tv\/en\/wp-json\/wp\/v2\/types\/post"}],"author":[{"embeddable":true,"href":"https:\/\/zjarr.tv\/en\/wp-json\/wp\/v2\/users\/2013"}],"replies":[{"embeddable":true,"href":"https:\/\/zjarr.tv\/en\/wp-json\/wp\/v2\/comments?post=101763"}],"version-history":[{"count":0,"href":"https:\/\/zjarr.tv\/en\/wp-json\/wp\/v2\/posts\/101763\/revisions"}],"wp:featuredmedia":[{"embeddable":true,"href":"https:\/\/zjarr.tv\/en\/wp-json\/wp\/v2\/media\/93321"}],"wp:attachment":[{"href":"https:\/\/zjarr.tv\/en\/wp-json\/wp\/v2\/media?parent=101763"}],"wp:term":[{"taxonomy":"category","embeddable":true,"href":"https:\/\/zjarr.tv\/en\/wp-json\/wp\/v2\/categories?post=101763"},{"taxonomy":"post_tag","embeddable":true,"href":"https:\/\/zjarr.tv\/en\/wp-json\/wp\/v2\/tags?post=101763"}],"curies":[{"name":"wp","href":"https:\/\/api.w.org\/{rel}","templated":true}]}}