{"id":101777,"date":"2019-08-16T15:44:22","date_gmt":"2019-08-16T13:44:22","guid":{"rendered":"https:\/\/zjarr.tv\/?p=101777"},"modified":"2019-08-16T15:44:22","modified_gmt":"2019-08-16T13:44:22","slug":"kosova-vendos-takse-100-edhe-per-maqedonine","status":"publish","type":"post","link":"https:\/\/zjarr.tv\/en\/kosova-vendos-takse-100-edhe-per-maqedonine\/","title":{"rendered":"Kosova vendos taks\u00eb 100% edhe p\u00ebr Maqedonin\u00eb"},"content":{"rendered":"<p>Kosova ka vendosur q\u00eb t\u00eb vendos\u00eb taks\u00eb reciprociteti edhe ndaj Maqedonis\u00eb s\u00eb Veriut.<\/p>\n<p>Vendimi \u00ebsht\u00eb b\u00ebr\u00eb i ditur nga ministri i Tregtis\u00eb, Endri Shala.<\/p>\n<p>Ky u fundit me nj\u00eb postim n\u00eb Facebook, shkruan se ka marr\u00eb vendimin p\u00ebr t\u00eb vendosur taks\u00eb reciprociteti p\u00ebr patatet dhe mjaltin q\u00eb vjen nga Maqedonia.<\/p>\n<div id=\"rekl-13\">\n<div id=\"__sap-ad-15\" class=\"__sap-ads __sap-html tracked\" data-title=\"Credins desktop 08\"><ins><\/p>\n<div id=\"beacon_3061384229\"><img loading=\"lazy\" decoding=\"async\" src=\"https:\/\/ads1.medium.al\/www\/delivery\/lg.php?bannerid=373&amp;campaignid=48&amp;zoneid=182&amp;loc=https%3A%2F%2Fwww.syri.net%2Fpolitike%2F274309%2Ffoto-kosova-vendos-takse-100-edhe-per-maqedonine%2F&amp;referer=https%3A%2F%2Fwww.syri.net%2Flajme%2F&amp;cb=3061384229\" alt=\"\" width=\"0\" height=\"0\" \/><\/div>\n<p><\/ins><\/div>\n<\/div>\n<p><strong>Reagimi i plot\u00eb i Endri Shal\u00ebs:<\/strong><\/p>\n<p>Q\u00eb nga qershori i k\u00ebtij viti kur produktit t\u00eb Kosov\u00ebs, rasadit t\u00eb peshkut i jan\u00eb vendosur barrierat tarifore nga ana e Republik\u00ebs s\u00eb Maqedonis\u00eb s\u00eb Veriut kam qen\u00eb n\u00eb kontakt me autoritetet e k\u00ebtij shteti dhe kemi d\u00ebrguar ankesa n\u00ebp\u00ebrmes sekretariatit t\u00eb CEFTA-s\u00eb, por edhe let\u00ebr personale ministrit t\u00eb tyre t\u00eb ekonomis\u00eb.<\/p>\n<p>Dhe tashm\u00eb kan\u00eb kaluar dy muaj dhe nuk kemi asnj\u00eb p\u00ebrgjigje, prandaj jam i detyruar q\u00eb n\u00eb mbrojtje t\u00eb interesit t\u00eb Kosov\u00ebs, biznesit kosovar dhe n\u00eb mbrojtje t\u00eb prodhimeve tona q\u00eb t\u00eb nd\u00ebrmarr veprime t\u00eb tjera ligjore, n\u00eb baz\u00eb t\u00eb ligjeve t\u00eb Republik\u00ebs s\u00eb Kosov\u00ebs.<\/p>\n<p>Sot kam marr vendim q\u00eb t\u00eb vendos masa reciproke p\u00ebr produktet e Maqedonis\u00eb s\u00eb Veriut q\u00eb importohen n\u00eb Kosov\u00eb dhe t\u00eb ndaloj\u00eb hyrjen e disa produkteve n\u00eb m\u00ebnyr\u00eb q\u00eb t\u00eb detyroj\u00eb shtetin e Maqedonis\u00eb s\u00eb Veriut q\u00eb t\u00eb reflektoj dhe t\u00eb ket\u00eb tretman t\u00eb barabart\u00eb p\u00ebr produktet e Kosov\u00ebs q\u00eb hyjn\u00eb n\u00eb at\u00eb shtet.<\/p>\n<p>Reciprociteti, partneriteti dhe trajtimi i barabart\u00eb i prodhimeve kosovare gjat\u00eb eksportit n\u00eb vendet e rajonit, \u00ebsht\u00eb e vetmja rrug\u00eb me t\u00eb cil\u00ebn duhet t\u00eb ecim p\u00ebrpara. N\u00eb rast se ky tretman do t\u00eb vazhdoj\u00eb ne do t\u00eb marrim edhe hapa tjer\u00eb, jo vet\u00ebm ndaj k\u00ebtij shteti por edhe shteteve tjera. Tashm\u00eb asnj\u00eb prodhim i Kosov\u00ebs q\u00eb eksportohet jasht\u00eb nuk do t\u00eb ket\u00eb tretman t\u00eb pabarabart\u00eb. E.SH<\/p>","protected":false},"excerpt":{"rendered":"<p>Kosova ka vendosur q\u00eb t\u00eb vendos\u00eb taks\u00eb reciprociteti edhe ndaj Maqedonis\u00eb s\u00eb Veriut. Vendimi \u00ebsht\u00eb b\u00ebr\u00eb i ditur nga ministri i Tregtis\u00eb, Endri Shala. Ky u fundit me nj\u00eb postim n\u00eb Facebook, shkruan se ka marr\u00eb vendimin p\u00ebr t\u00eb vendosur taks\u00eb reciprociteti p\u00ebr patatet dhe mjaltin q\u00eb vjen nga Maqedonia. Reagimi i plot\u00eb i Endri [&hellip;]<\/p>\n","protected":false},"author":2013,"featured_media":101778,"comment_status":"open","ping_status":"closed","sticky":false,"template":"","format":"standard","meta":{"footnotes":""},"categories":[241,2],"tags":[],"class_list":{"0":"post-101777","1":"post","2":"type-post","3":"status-publish","4":"format-standard","5":"has-post-thumbnail","7":"category-aktualitet","8":"category-rajoni"},"_links":{"self":[{"href":"https:\/\/zjarr.tv\/en\/wp-json\/wp\/v2\/posts\/101777","targetHints":{"allow":["GET"]}}],"collection":[{"href":"https:\/\/zjarr.tv\/en\/wp-json\/wp\/v2\/posts"}],"about":[{"href":"https:\/\/zjarr.tv\/en\/wp-json\/wp\/v2\/types\/post"}],"author":[{"embeddable":true,"href":"https:\/\/zjarr.tv\/en\/wp-json\/wp\/v2\/users\/2013"}],"replies":[{"embeddable":true,"href":"https:\/\/zjarr.tv\/en\/wp-json\/wp\/v2\/comments?post=101777"}],"version-history":[{"count":0,"href":"https:\/\/zjarr.tv\/en\/wp-json\/wp\/v2\/posts\/101777\/revisions"}],"wp:featuredmedia":[{"embeddable":true,"href":"https:\/\/zjarr.tv\/en\/wp-json\/wp\/v2\/media\/101778"}],"wp:attachment":[{"href":"https:\/\/zjarr.tv\/en\/wp-json\/wp\/v2\/media?parent=101777"}],"wp:term":[{"taxonomy":"category","embeddable":true,"href":"https:\/\/zjarr.tv\/en\/wp-json\/wp\/v2\/categories?post=101777"},{"taxonomy":"post_tag","embeddable":true,"href":"https:\/\/zjarr.tv\/en\/wp-json\/wp\/v2\/tags?post=101777"}],"curies":[{"name":"wp","href":"https:\/\/api.w.org\/{rel}","templated":true}]}}