{"id":102024,"date":"2019-08-18T12:40:08","date_gmt":"2019-08-18T10:40:08","guid":{"rendered":"https:\/\/zjarr.tv\/?p=102024"},"modified":"2019-08-18T12:40:08","modified_gmt":"2019-08-18T10:40:08","slug":"aksidenti-tragjik-ne-italia-ja-kush-jane-dy-viktimat-shqiptare","status":"publish","type":"post","link":"https:\/\/zjarr.tv\/en\/aksidenti-tragjik-ne-italia-ja-kush-jane-dy-viktimat-shqiptare\/","title":{"rendered":"Aksidenti tragjik n\u00eb Italia\/ Ja kush jan\u00eb dy viktimat shqiptare"},"content":{"rendered":"<p>Nj\u00eb aksident i r\u00ebnd\u00eb ka ndodhur pasditen e djeshme n\u00eb Bologna, Itali.<\/p>\n<p>Dy t\u00eb vdekurit jan\u00eb shqiptar\u00eb.<\/p>\n<p>Mediat italian\u00eb kan\u00eb zbardhur sot edhe identitet e tyre.<\/p>\n<div id=\"rekl-13\">\n<div id=\"__sap-ad-15\" class=\"__sap-ads __sap-html tracked\" data-title=\"Credins desktop 08\"><ins><\/p>\n<div id=\"beacon_b17f556861\"><img loading=\"lazy\" decoding=\"async\" src=\"https:\/\/ads1.medium.al\/www\/delivery\/lg.php?bannerid=373&amp;campaignid=48&amp;zoneid=182&amp;loc=https%3A%2F%2Fwww.syri.net%2Fkronike%2F274612%2Faksidenti-tragjik-ne-italia-ja-kush-jane-dy-viktimat-shqiptare%2F&amp;referer=https%3A%2F%2Fwww.syri.net%2Flajme%2F&amp;cb=b17f556861\" alt=\"\" width=\"0\" height=\"0\" \/><\/div>\n<p><\/ins><\/div>\n<\/div>\n<p>M\u00ebsohet se b\u00ebhet fjal\u00eb p\u00ebr Antonin Hasdukajn 28 vje\u00e7, banues n\u00eb Imola dhe Suzana Gj., 38 vje\u00e7e.<\/p>\n<p>Kjo e fundit ishte e martuar. Si\u00e7 shkruajn\u00eb mediat, bashk\u00ebshorti i saj ndodhej n\u00eb Shqip\u00ebri, nd\u00ebrsa kishin tre vajza, m\u00eb e madhja 15 vje\u00e7e.<\/p>\n<p>Makina me t\u00eb cil\u00ebn po udh\u00ebtonin shqiptar\u00ebt \u00ebsht\u00eb p\u00ebrfshir\u00eb n\u00eb nj\u00eb p\u00ebrplasje t\u00eb ashp\u00ebr n\u00eb autostrad\u00ebn num\u00ebr 14 n\u00eb Imola dhe p\u00ebr pasoj\u00eb kan\u00eb humbur jet\u00ebn.<\/p>","protected":false},"excerpt":{"rendered":"<p>Nj\u00eb aksident i r\u00ebnd\u00eb ka ndodhur pasditen e djeshme n\u00eb Bologna, Itali. Dy t\u00eb vdekurit jan\u00eb shqiptar\u00eb. Mediat italian\u00eb kan\u00eb zbardhur sot edhe identitet e tyre. M\u00ebsohet se b\u00ebhet fjal\u00eb p\u00ebr Antonin Hasdukajn 28 vje\u00e7, banues n\u00eb Imola dhe Suzana Gj., 38 vje\u00e7e. Kjo e fundit ishte e martuar. Si\u00e7 shkruajn\u00eb mediat, bashk\u00ebshorti i saj [&hellip;]<\/p>\n","protected":false},"author":2013,"featured_media":55295,"comment_status":"open","ping_status":"closed","sticky":false,"template":"","format":"standard","meta":{"footnotes":""},"categories":[241,235],"tags":[],"class_list":{"0":"post-102024","1":"post","2":"type-post","3":"status-publish","4":"format-standard","5":"has-post-thumbnail","7":"category-aktualitet","8":"category-vendi"},"_links":{"self":[{"href":"https:\/\/zjarr.tv\/en\/wp-json\/wp\/v2\/posts\/102024","targetHints":{"allow":["GET"]}}],"collection":[{"href":"https:\/\/zjarr.tv\/en\/wp-json\/wp\/v2\/posts"}],"about":[{"href":"https:\/\/zjarr.tv\/en\/wp-json\/wp\/v2\/types\/post"}],"author":[{"embeddable":true,"href":"https:\/\/zjarr.tv\/en\/wp-json\/wp\/v2\/users\/2013"}],"replies":[{"embeddable":true,"href":"https:\/\/zjarr.tv\/en\/wp-json\/wp\/v2\/comments?post=102024"}],"version-history":[{"count":0,"href":"https:\/\/zjarr.tv\/en\/wp-json\/wp\/v2\/posts\/102024\/revisions"}],"wp:featuredmedia":[{"embeddable":true,"href":"https:\/\/zjarr.tv\/en\/wp-json\/wp\/v2\/media\/55295"}],"wp:attachment":[{"href":"https:\/\/zjarr.tv\/en\/wp-json\/wp\/v2\/media?parent=102024"}],"wp:term":[{"taxonomy":"category","embeddable":true,"href":"https:\/\/zjarr.tv\/en\/wp-json\/wp\/v2\/categories?post=102024"},{"taxonomy":"post_tag","embeddable":true,"href":"https:\/\/zjarr.tv\/en\/wp-json\/wp\/v2\/tags?post=102024"}],"curies":[{"name":"wp","href":"https:\/\/api.w.org\/{rel}","templated":true}]}}