{"id":102047,"date":"2019-08-18T14:12:50","date_gmt":"2019-08-18T12:12:50","guid":{"rendered":"https:\/\/zjarr.tv\/?p=102047"},"modified":"2019-08-18T14:12:50","modified_gmt":"2019-08-18T12:12:50","slug":"ish-prefekti-prefektit-ja-shkeljet-qe-po-ben-ademi-legjitime-si-kryebashkiake","status":"publish","type":"post","link":"https:\/\/zjarr.tv\/en\/ish-prefekti-prefektit-ja-shkeljet-qe-po-ben-ademi-legjitime-si-kryebashkiake\/","title":{"rendered":"Ish Prefekti-Prefektit\/ Ja shkeljet q\u00eb po b\u00ebn. Ademi legjitime si kryebashkiake"},"content":{"rendered":"<p>Shkodra vazhdon t\u00eb jet\u00eb n\u00eb qend\u00ebr t\u00eb situat\u00ebs politike n\u00eb vend.<\/p>\n<p>Pas dor\u00ebheqje s\u00eb Valdrin Pjetrit si kandidat p\u00ebr kryebashkiak, sepse \u00ebsht\u00eb i arrestuar, d\u00ebnuar dhe d\u00ebbuar nga Italia, Edi Rama ka dh\u00ebn\u00eb urdh\u00ebr p\u00ebr t\u00eb em\u00ebruar nj\u00eb tjet\u00ebr person n\u00eb vend t\u00eb tij.<\/p>\n<div class=\"in-artile-read-more\">\n<h2><\/h2>\n<\/div>\n<p>Pa zgjedhje dhe pa vota, Rama k\u00ebrkon q\u00eb t\u00eb em\u00ebroj\u00eb kandidatin e dyt\u00eb n\u00eb Shkod\u00ebr.<\/p>\n<div id=\"rekl-13\">\n<div id=\"__sap-ad-15\" class=\"__sap-ads __sap-html tracked\" data-title=\"Credins desktop 08\"><ins><\/p>\n<div id=\"beacon_f8284fe90d\"><img loading=\"lazy\" decoding=\"async\" src=\"https:\/\/ads1.medium.al\/www\/delivery\/lg.php?bannerid=373&amp;campaignid=48&amp;zoneid=182&amp;loc=https%3A%2F%2Fwww.syri.net%2Fpolitike%2F274674%2Fish-prefekti-prefektit-ja-shkeljet-qe-po-ben-ademi-legjitime-si-kryebashkiake%2F&amp;referer=https%3A%2F%2Fwww.syri.net%2Flajme%2F&amp;cb=f8284fe90d\" alt=\"\" width=\"0\" height=\"0\" \/><\/div>\n<p><\/ins><\/div>\n<\/div>\n<div id=\"rekl-4\"><\/div>\n<p>N\u00eb lidhje me k\u00ebto veprime dhe me vendimin e prefektit t\u00eb Shkodr\u00ebs \u00c7esk Millja p\u00ebr thirrjen e k\u00ebshillit bashkiak t\u00eb Shkodr\u00ebs, ka reaguar Roland Bejko, ish-prefekt i Gjirokastr\u00ebs.<\/p>\n<p><strong>Reagimi i plot\u00eb i Roland Bejkos:<\/strong><\/p>\n<p>Prefekti dhe mbledhja e k\u00ebshillit t\u00eb bashkis\u00eb Shkod\u00ebr e thirrur prej tij, totalisht n\u00eb shkelje t\u00eb ligjit. Voltana Ademi legjitime n\u00eb detyr\u00eb.<\/p>\n<p>Po e themi q\u00eb n\u00eb krye t\u00eb her\u00ebs se Partia Demokratike nuk i ka njohur dhe nuk i njeh zgjedhjet e 30 qershorit.<\/p>\n<p>Por duke qen\u00eb se jemi n\u00eb kushtet e nj\u00eb konflikti midis paligjshm\u00ebris\u00eb s\u00eb menaxhauar nga Kryeministri kund\u00ebr Kryetar\u00ebve t\u00eb Bashkive legjitim\u00eb n\u00eb detyr\u00eb, nuk mund t\u00eb rim\u00eb indiferent\u00eb pa pohuar disa t\u00eb v\u00ebrteta ligjore dhe antililgjore.<\/p>\n<p>N\u00eb k\u00ebt\u00eb situat\u00eb anormale, Prefekti i Shkodr\u00ebs ka thirrur mbledhjen e par\u00eb t\u00eb k\u00ebshillit t\u00eb bashkis\u00eb Shkod\u00ebr dit\u00ebn e h\u00ebn\u00eb m\u00eb dat\u00eb 19 gusht n\u00eb shkelje t\u00eb ligjit. Ja cilat jan\u00eb argumetat ligjor\u00eb.<\/p>\n<p>1. Te pika 3 e rendit t\u00eb dit\u00ebs thuhet \u2018shpallja e vlefshm\u00ebris\u00eb s\u00eb t\u00eb mandatit t\u00eb kryetarit t\u00eb bashkis\u00eb Shkod\u00ebr\u2019.<\/p>\n<p>K\u00ebshilli i bashkis\u00eb nuk ka \u00e7far\u00eb vlefshm\u00ebri mandati t\u00eb shpall\u00eb sepse v\u00ebrtet gjykata i ka dh\u00ebn\u00eb vlefshm\u00ebri mandatit t\u00eb zotit Pjetri, por me dor\u00ebheqjen e tij sipas nenit 61 t\u00eb ligjit 139\/2015 \u2018p\u00ebr vetqeverisjen vendore\u2019 pika 1\/a thot\u00eb : \u2018Nuk pranon t\u00eb b\u00ebj\u00eb betimin; pika 1\/b, \u2018Jep dor\u00ebheqjen\u2019.<\/p>\n<p>Edhe n\u00eb rast se \u00e7mendet Rama dhe e detyron Pjetrin t\u00eb shkoj\u00eb t\u00eb b\u00ebj\u00eb betimin do t\u00eb jet\u00eb nj\u00eb veprim antikushtetues anti ligjor sepse t\u00eb d\u00ebnuarit nuk mund t\u00eb zgjidhen.<\/p>\n<p>(Neni 45 i kushtetut\u00ebs, ligji 139\/2015, ligji p\u00ebr dekriminakizimin).<\/p>\n<p>2. N\u00eb k\u00ebto kushte sot e n\u00eb vazhdim, edhe pse KQZ ka shpallur fitues Valdrin Pjetrin, edhe pse Gjykata e ka konfirmuar vendimin e KQZ, Voltana Ademi \u00ebsht\u00eb dhe do jet\u00eb n\u00eb detyr\u00eb deri n\u00eb zhvillimin e zgjedhjeve t\u00eb reja sepse sipas ligjit 139\/2015 Neni 60 pika 4 \u2018Ushtrimi i mandatit t\u00eb Kryetarit t\u00eb bashkis\u00eb fillon n\u00eb \u00e7astin kur b\u00ebn betimin dhe p\u00ebrfundon kur b\u00ebn betimin kryetari pasardh\u00ebs\u2019. K\u00ebshtu z. Pjetri nuk e ka b\u00ebr\u00eb betimin, \u00ebsht\u00eb dorhequr publikisht dhe nes\u00ebr edhe sikur ti kthehet mendja nuk do t\u00eb mund ta b\u00ebj\u00eb betimin sepse ka qen\u00eb i d\u00ebnuar dhe e pengon kushtetuta dhe dy ligjet e sip\u00ebrcituara.<\/p>\n<p>3. Flitet q\u00eb k\u00ebshilli socialist i bashkis\u00eb Shkod\u00ebr mund t\u00eb zgjedh\u00eb nj\u00eb n\u00ebnkryetar bashkie dhe ti ngarkoj\u00eb p\u00ebr detyr\u00eb kryerjen e rolit t\u00eb kryetarit.<\/p>\n<p>N\u00ebse do guxoj\u00eb k\u00ebt\u00eb \u00ebsht\u00eb vendim i \u00e7mendur \u00ebsht\u00eb \u2018coup d&#8217;\u00e9tat\u2019, (grusht shteti) sepse :<\/p>\n<p>a) Voltana Ademi \u00ebsht\u00eb n\u00eb detyr\u00eb ende. K\u00ebshilli nuk ka kompetenc\u00eb ta shkarkoj\u00eb.<\/p>\n<p>b) T\u00eb drejt\u00ebn p\u00ebr t\u00eb zgjedhur dhe em\u00ebruar n\u00ebnkryetar\u00ebt e k\u00ebshillit si dhe num\u00ebrin e tyre sa do jen\u00eb, sipas ligjit 139\/2015 neni 54, pika 3 e ka vet\u00ebm KRYETARI. \u2018 Em\u00ebrimi dhe shkarkimi i n\u00ebnkryetar\u00ebve b\u00ebhet nga kryetari i bashkis\u00eb\u2019.<\/p>\n<p>c) K\u00ebshilli i bashkis\u00eb vet\u00ebm n\u00eb nj\u00eb rast mund t\u00eb caktoj\u00eb nj\u00eb nga z\u00ebvend\u00ebskryetar\u00ebt t\u00eb kryej\u00eb funksionet e kryetarit deri n\u00eb zgjedhjen e kryetarit t\u00eb ri, kjo ndodh kur kryetarit i p\u00ebrfundon para kohe mandati kryetarit dhe ka m\u00eb shum\u00eb se nj\u00eb n\u00ebnkryetar n\u00eb detyr\u00eb.<\/p>\n<p>Por n\u00eb rastin e Shkodr\u00ebs, kryetari i bashkis\u00eb si\u00e7 e argumentuam m\u00eb lart\u00eb \u00ebsht\u00eb n\u00eb detyr\u00eb sepse kryetari i ri i mandatuar nga KQZ nuk e ka b\u00ebr\u00eb dhe nuk e b\u00ebn dot betimin edhe sikur t\u00eb doj\u00eb. E pengon ligja dhe Kushtetuta e Republik\u00ebs.<\/p>\n<p>A mund ta shkel\u00eb ligjin Rama me gjith\u00eb taborin e tij. Koha ka treguar q\u00eb t\u00eb gjitha b\u00ebjn\u00eb vaki.<\/p>\n<p>Sepse mbledhja e nes\u00ebrme e thirrur nga Prefekti \u00ebsht\u00eb t\u00ebr\u00ebsisht e paligjshme p\u00ebr dy e m\u00eb shum\u00eb arsye :<\/p>\n<p>Shkelja 1 e Prefektit gardianit t\u00eb ligjit dhe ligjshm\u00ebris\u00eb n\u00eb nj\u00eb republik\u00eb normale:<\/p>\n<p>1. Prefekti nuk mund ta th\u00ebrras\u00eb k\u00ebt\u00eb mbledhje sepse ligji thot\u00eb q\u00eb ai mund ta b\u00ebj\u00eb k\u00ebt\u00eb gj\u00eb n\u00eb rast se \u2018k\u00ebshilli i bashkis\u00eb nuk mblidhet brenda 30 dit\u00ebsh nga dita e shpalljes s\u00eb rezultatit t\u00eb zgjedhjeve nga Komisioni Qendror i Zgjedhjeve, Prefekti organizon ceremonin\u00eb e betimit t\u00eb kryetarit t\u00eb bashkis\u00eb n\u00eb MJEDISIN E BASHKIS\u00cb dhe n\u00eb pranin\u00eb e banor\u00ebve t\u00eb nj\u00ebsis\u00eb p\u00ebrkat\u00ebse\u2019. (Ligji 139\/2015Neni 60, pika 5).<\/p>\n<p>Shkelja 2 e Prefektit gardianit t\u00eb ligjit dhe ligjshm\u00ebris\u00eb n\u00eb nj\u00eb republik\u00eb normale:<\/p>\n<p>2. Ceremonia e konstituimit t\u00eb k\u00ebshillit e thirrur nga Prefekti \u00ebsht\u00eb detyrim q\u00eb t\u00eb zhvillohet n\u00eb MJEDISET E BASHKIS\u00cb dhe jo n\u00eb mjedise t\u00eb tjera publike a private qoft\u00eb ky edhe n\u00eb Universitet.<\/p>\n<p>Pra edhe sikur Prefekti t\u00eb kishte t\u00eb drejt\u00eb n\u00eb gjith\u00e7ka q\u00eb b\u00ebnte, edhe sikur gjith\u00eb procesi t\u00eb ish legjitim nga fillimi n\u00eb fund, mjafton q\u00eb mbledhjen nuk e zhvillon n\u00eb mjediset e bashkis\u00eb, ajo \u00ebsht\u00eb e paligjshme.<\/p>\n<p>N\u00ebse do kishim nj\u00eb Prefekt me dinjitet personalitet, e karakter, besnik t\u00eb misionit t\u00eb tij, ai duhet t\u00eb mos merrte p\u00ebrsip\u00ebr t\u00eb b\u00ebhej pjes\u00eb e kllounadave t\u00eb tilla q\u00eb n\u00eb zanafill\u00eb t\u00eb procesit dhe debatit p\u00ebr zgjedhjet. Ai nuk duhet t\u00eb njihte 30 qershorin p\u00ebr dit\u00eb zgjedhjesh por 13 tetorin sepse ai e di mir\u00eb q\u00eb zgjedhjet zhvillohen me dekret Presidenti dhe jo me urdh\u00ebr kryeministri. N\u00eb t\u00eb gjitha rastet, Prefekti duhet t\u00eb jepte dor\u00ebheqjen p\u00ebr t\u00eb dal\u00eb i nderuar nga kjo histori dhe jo t\u00eb b\u00ebhet instrument i kryeministrit p\u00ebr t\u00eb b\u00ebr\u00eb akte t\u00eb paligjshme n\u00eb d\u00ebm t\u00eb kushtetut\u00ebs dhe ligjeve t\u00eb republik\u00ebs.<\/p>\n<p>Sido q\u00eb t\u00eb jet\u00eb vendimi i k\u00ebshillit nes\u00ebr n\u00eb Shkod\u00ebr Voltana Ademi \u00ebsht\u00eb dhe do t\u00eb vazhdoj\u00eb t\u00eb jet\u00eb kryetare deri n\u00eb zhvillimin ezgjedhjeve t\u00eb reja.Vendimet e gabuara do goditen n\u00eb gjykat\u00eb dhe gjykatat le t\u00eb b\u00ebhen m\u00eb tej pala\u00e7ot e rradh\u00ebs n\u00eb duart e Ram\u00ebs po t\u00eb duan.<\/p>","protected":false},"excerpt":{"rendered":"<p>Shkodra vazhdon t\u00eb jet\u00eb n\u00eb qend\u00ebr t\u00eb situat\u00ebs politike n\u00eb vend. Pas dor\u00ebheqje s\u00eb Valdrin Pjetrit si kandidat p\u00ebr kryebashkiak, sepse \u00ebsht\u00eb i arrestuar, d\u00ebnuar dhe d\u00ebbuar nga Italia, Edi Rama ka dh\u00ebn\u00eb urdh\u00ebr p\u00ebr t\u00eb em\u00ebruar nj\u00eb tjet\u00ebr person n\u00eb vend t\u00eb tij. Pa zgjedhje dhe pa vota, Rama k\u00ebrkon q\u00eb t\u00eb em\u00ebroj\u00eb kandidatin [&hellip;]<\/p>\n","protected":false},"author":2013,"featured_media":102048,"comment_status":"open","ping_status":"closed","sticky":false,"template":"","format":"standard","meta":{"footnotes":""},"categories":[241,235],"tags":[],"class_list":{"0":"post-102047","1":"post","2":"type-post","3":"status-publish","4":"format-standard","5":"has-post-thumbnail","7":"category-aktualitet","8":"category-vendi"},"_links":{"self":[{"href":"https:\/\/zjarr.tv\/en\/wp-json\/wp\/v2\/posts\/102047","targetHints":{"allow":["GET"]}}],"collection":[{"href":"https:\/\/zjarr.tv\/en\/wp-json\/wp\/v2\/posts"}],"about":[{"href":"https:\/\/zjarr.tv\/en\/wp-json\/wp\/v2\/types\/post"}],"author":[{"embeddable":true,"href":"https:\/\/zjarr.tv\/en\/wp-json\/wp\/v2\/users\/2013"}],"replies":[{"embeddable":true,"href":"https:\/\/zjarr.tv\/en\/wp-json\/wp\/v2\/comments?post=102047"}],"version-history":[{"count":0,"href":"https:\/\/zjarr.tv\/en\/wp-json\/wp\/v2\/posts\/102047\/revisions"}],"wp:featuredmedia":[{"embeddable":true,"href":"https:\/\/zjarr.tv\/en\/wp-json\/wp\/v2\/media\/102048"}],"wp:attachment":[{"href":"https:\/\/zjarr.tv\/en\/wp-json\/wp\/v2\/media?parent=102047"}],"wp:term":[{"taxonomy":"category","embeddable":true,"href":"https:\/\/zjarr.tv\/en\/wp-json\/wp\/v2\/categories?post=102047"},{"taxonomy":"post_tag","embeddable":true,"href":"https:\/\/zjarr.tv\/en\/wp-json\/wp\/v2\/tags?post=102047"}],"curies":[{"name":"wp","href":"https:\/\/api.w.org\/{rel}","templated":true}]}}