{"id":102050,"date":"2019-08-18T14:13:48","date_gmt":"2019-08-18T12:13:48","guid":{"rendered":"https:\/\/zjarr.tv\/?p=102050"},"modified":"2019-08-18T14:13:48","modified_gmt":"2019-08-18T12:13:48","slug":"dhuna-mbi-turistet-spanjolle-lihet-ne-burg-pronari-i-lokalit","status":"publish","type":"post","link":"https:\/\/zjarr.tv\/en\/dhuna-mbi-turistet-spanjolle-lihet-ne-burg-pronari-i-lokalit\/","title":{"rendered":"Dhuna mbi turist\u00ebt spanjoll\u00eb, lihet n\u00eb burg pronari i lokalit"},"content":{"rendered":"<p>Gjykata e Vlor\u00ebs ka l\u00ebn\u00eb n\u00eb burg pronarin e lokalit n\u00eb Porto Palermo Mihal Kok\u00ebdhima. Ndon\u00ebse Kok\u00ebdhima nuk pranoi akuzat dhe avokat\u00ebt k\u00ebrkuan nj\u00eb mas\u00eb m\u00eb t\u00eb leht\u00eb duke ofruar garanci pasurore deri n\u00eb 3 mij\u00eb euro Gjykata ka vendosur mas\u00ebn e siguris\u00eb \u2018arrest me burg\u2019 p\u00ebr pronarin e lokalit i cili akuzohet se ka dhunuar nj\u00eb grup turist\u00ebsh spanjoll\u00eb.<\/p>\n<div id=\"sticky-video--placeholder\"><\/div>\n<div id=\"sticky-video--close-button\" class=\"sticky-video--close-button-visible\"><\/div>\n<p>Kok\u00ebdhima akuzohet p\u00ebr \u201ckanosje\u201d, \u201cD\u00ebmtime t\u00eb tjera me dashje\u201d dhe \u201cShkat\u00ebrrimi i pron\u00ebs\u201d.<\/p>\n<div id=\"sovrn\" class=\"desktop_ad ad_bottom_space\"><\/div>\n<p>Pas pak\u00ebnaq\u00ebsis\u00eb s\u00eb turist\u00ebve p\u00ebr sh\u00ebrbimin, Kok\u00ebdhima shp\u00ebrtheu n\u00eb dhun\u00eb ndaj tyre. Por n\u00eb seanc\u00ebn e sotme ai ka deklaruar se nuk i ka prekur me dor\u00eb.<\/p>","protected":false},"excerpt":{"rendered":"<p>Gjykata e Vlor\u00ebs ka l\u00ebn\u00eb n\u00eb burg pronarin e lokalit n\u00eb Porto Palermo Mihal Kok\u00ebdhima. Ndon\u00ebse Kok\u00ebdhima nuk pranoi akuzat dhe avokat\u00ebt k\u00ebrkuan nj\u00eb mas\u00eb m\u00eb t\u00eb leht\u00eb duke ofruar garanci pasurore deri n\u00eb 3 mij\u00eb euro Gjykata ka vendosur mas\u00ebn e siguris\u00eb \u2018arrest me burg\u2019 p\u00ebr pronarin e lokalit i cili akuzohet se ka [&hellip;]<\/p>\n","protected":false},"author":2013,"featured_media":102051,"comment_status":"open","ping_status":"closed","sticky":false,"template":"","format":"standard","meta":{"footnotes":""},"categories":[241,235],"tags":[],"class_list":{"0":"post-102050","1":"post","2":"type-post","3":"status-publish","4":"format-standard","5":"has-post-thumbnail","7":"category-aktualitet","8":"category-vendi"},"_links":{"self":[{"href":"https:\/\/zjarr.tv\/en\/wp-json\/wp\/v2\/posts\/102050","targetHints":{"allow":["GET"]}}],"collection":[{"href":"https:\/\/zjarr.tv\/en\/wp-json\/wp\/v2\/posts"}],"about":[{"href":"https:\/\/zjarr.tv\/en\/wp-json\/wp\/v2\/types\/post"}],"author":[{"embeddable":true,"href":"https:\/\/zjarr.tv\/en\/wp-json\/wp\/v2\/users\/2013"}],"replies":[{"embeddable":true,"href":"https:\/\/zjarr.tv\/en\/wp-json\/wp\/v2\/comments?post=102050"}],"version-history":[{"count":0,"href":"https:\/\/zjarr.tv\/en\/wp-json\/wp\/v2\/posts\/102050\/revisions"}],"wp:featuredmedia":[{"embeddable":true,"href":"https:\/\/zjarr.tv\/en\/wp-json\/wp\/v2\/media\/102051"}],"wp:attachment":[{"href":"https:\/\/zjarr.tv\/en\/wp-json\/wp\/v2\/media?parent=102050"}],"wp:term":[{"taxonomy":"category","embeddable":true,"href":"https:\/\/zjarr.tv\/en\/wp-json\/wp\/v2\/categories?post=102050"},{"taxonomy":"post_tag","embeddable":true,"href":"https:\/\/zjarr.tv\/en\/wp-json\/wp\/v2\/tags?post=102050"}],"curies":[{"name":"wp","href":"https:\/\/api.w.org\/{rel}","templated":true}]}}