{"id":102056,"date":"2019-08-18T14:38:21","date_gmt":"2019-08-18T12:38:21","guid":{"rendered":"https:\/\/zjarr.tv\/?p=102056"},"modified":"2019-08-18T14:38:21","modified_gmt":"2019-08-18T12:38:21","slug":"parkim-i-gabuar-per-72-ore-policia-1350-gjoba-per-shoferet","status":"publish","type":"post","link":"https:\/\/zjarr.tv\/en\/parkim-i-gabuar-per-72-ore-policia-1350-gjoba-per-shoferet\/","title":{"rendered":"Parkim i gabuar, p\u00ebr 72 or\u00eb, policia 1350 gjoba p\u00ebr shofer\u00ebt"},"content":{"rendered":"<p>Policia Rrugore ka nd\u00ebshkuar qindra shofer\u00eb n\u00eb kryeqytet p\u00ebr parkim t\u00eb gabuar.<\/p>\n<div id=\"videoad\"><\/div>\n<div id=\"pa_1x1_psbk_1566131853768\"><\/div>\n<div id=\"sovrn\" class=\"desktop_ad ad_bottom_space\"><ins><\/ins><\/p>\n<div id=\"onetag-wrapper-3\" class=\"sovrn-onetag-ad\"><\/div>\n<\/div>\n<p>Krahas patrullimeve me p\u00ebrzgjedhje, p\u00ebr evidentimin e shkeljeve, q\u00eb jan\u00eb burim i shtuar p\u00ebr aksidente me pasoja p\u00ebr jet\u00ebn dhe sh\u00ebndetin e p\u00ebrdoruesve, rrugor\u00ebt e kryeqytetit, tre dit\u00ebt e fundit policia ka shtuar ndjesh\u00ebm prezenc\u00ebn dhe fokusin e patrullave, p\u00ebr evidentimin dhe dokumentimin e parkimeve t\u00eb gabuara n\u00eb kryeqytet.<\/p>\n<p>N\u00eb saj\u00eb t\u00eb k\u00ebtyre patrullimeve, vetem 72 or\u00ebt e fundit jan\u00eb konstatuar dhe proceduar administrativisht 1 350 mjete t\u00eb ndryshme, p\u00ebr pushim dhe q\u00ebndrim t\u00eb gabuar, kryesisht n\u00eb trotuar, n\u00eb vendet e rezervuara, n\u00eb vendkalim k\u00ebmbesor\u00ebsh, n\u00eb rresht t\u00eb dyt\u00eb etj;<\/p>","protected":false},"excerpt":{"rendered":"<p>Policia Rrugore ka nd\u00ebshkuar qindra shofer\u00eb n\u00eb kryeqytet p\u00ebr parkim t\u00eb gabuar. Krahas patrullimeve me p\u00ebrzgjedhje, p\u00ebr evidentimin e shkeljeve, q\u00eb jan\u00eb burim i shtuar p\u00ebr aksidente me pasoja p\u00ebr jet\u00ebn dhe sh\u00ebndetin e p\u00ebrdoruesve, rrugor\u00ebt e kryeqytetit, tre dit\u00ebt e fundit policia ka shtuar ndjesh\u00ebm prezenc\u00ebn dhe fokusin e patrullave, p\u00ebr evidentimin dhe dokumentimin [&hellip;]<\/p>\n","protected":false},"author":2013,"featured_media":102057,"comment_status":"open","ping_status":"closed","sticky":false,"template":"","format":"standard","meta":{"footnotes":""},"categories":[241,235],"tags":[],"class_list":{"0":"post-102056","1":"post","2":"type-post","3":"status-publish","4":"format-standard","5":"has-post-thumbnail","7":"category-aktualitet","8":"category-vendi"},"_links":{"self":[{"href":"https:\/\/zjarr.tv\/en\/wp-json\/wp\/v2\/posts\/102056","targetHints":{"allow":["GET"]}}],"collection":[{"href":"https:\/\/zjarr.tv\/en\/wp-json\/wp\/v2\/posts"}],"about":[{"href":"https:\/\/zjarr.tv\/en\/wp-json\/wp\/v2\/types\/post"}],"author":[{"embeddable":true,"href":"https:\/\/zjarr.tv\/en\/wp-json\/wp\/v2\/users\/2013"}],"replies":[{"embeddable":true,"href":"https:\/\/zjarr.tv\/en\/wp-json\/wp\/v2\/comments?post=102056"}],"version-history":[{"count":0,"href":"https:\/\/zjarr.tv\/en\/wp-json\/wp\/v2\/posts\/102056\/revisions"}],"wp:featuredmedia":[{"embeddable":true,"href":"https:\/\/zjarr.tv\/en\/wp-json\/wp\/v2\/media\/102057"}],"wp:attachment":[{"href":"https:\/\/zjarr.tv\/en\/wp-json\/wp\/v2\/media?parent=102056"}],"wp:term":[{"taxonomy":"category","embeddable":true,"href":"https:\/\/zjarr.tv\/en\/wp-json\/wp\/v2\/categories?post=102056"},{"taxonomy":"post_tag","embeddable":true,"href":"https:\/\/zjarr.tv\/en\/wp-json\/wp\/v2\/tags?post=102056"}],"curies":[{"name":"wp","href":"https:\/\/api.w.org\/{rel}","templated":true}]}}