{"id":102148,"date":"2019-08-18T15:24:51","date_gmt":"2019-08-18T13:24:51","guid":{"rendered":"https:\/\/zjarr.tv\/?p=102148"},"modified":"2019-08-18T15:24:51","modified_gmt":"2019-08-18T13:24:51","slug":"zyrtare-nga-policia-dalin-te-tjera-detaje-per-kufomen-e-durresit","status":"publish","type":"post","link":"https:\/\/zjarr.tv\/en\/zyrtare-nga-policia-dalin-te-tjera-detaje-per-kufomen-e-durresit\/","title":{"rendered":"Zyrtare nga policia\/ Dalin t\u00eb tjera detaje p\u00ebr kufom\u00ebn e Durr\u00ebsit"},"content":{"rendered":"<p>Policia e Shtetit ka reaguar n\u00eb m\u00ebnyr\u00eb zyrtare p\u00ebr kufom\u00ebn e gjetur n\u00eb det nga nj\u00eb peshkarexh\u00eb.<\/p>\n<p>Policia thot\u00eb zyrtarisht se trupi i gjetur nuk ka shenja dhune dhe nuk ka qen\u00eb i mb\u00ebshtjell\u00eb.<\/p>\n<div class=\"in-artile-read-more\">\n<h2><\/h2>\n<\/div>\n<p>\u2018Trupi ishte i veshur me rroba, i jan\u00eb evidentuar gjith\u00eb gjymtyr\u00ebt, por \u00ebsht\u00eb dekompozuar p\u00ebr shkak t\u00eb lag\u00ebshtis\u00eb\u2019, b\u00ebn t\u00eb ditur policia.<\/p>\n<div id=\"rekl-13\">\n<div id=\"__sap-ad-15\" class=\"__sap-ads __sap-html tracked\" data-title=\"Credins desktop 08\"><ins><\/p>\n<div id=\"beacon_0831cab835\"><img loading=\"lazy\" decoding=\"async\" src=\"https:\/\/ads1.medium.al\/www\/delivery\/lg.php?bannerid=373&amp;campaignid=48&amp;zoneid=182&amp;loc=https%3A%2F%2Fwww.syri.net%2Fkronike%2F274701%2Fzyrtare-nga-policia-dalin-te-tjera-detaje-per-kufomen-e-durresit%2F&amp;referer=https%3A%2F%2Fwww.syri.net%2Flajme%2F&amp;cb=0831cab835\" alt=\"\" width=\"0\" height=\"0\" \/><\/div>\n<p><\/ins><\/div>\n<\/div>\n<div id=\"rekl-4\"><\/div>\n<p><strong>Reagimi zyrtar nga Policia e Shtetit p\u00ebr kufom\u00ebn n\u00eb Durr\u00ebs:<\/strong><\/p>\n<p><em>M\u00eb dat\u00eb 18.08.2019, n\u00eb or\u00ebt e para t\u00eb m\u00ebngjesit, nj\u00eb peshkarexh\u00eb q\u00eb kishte dal\u00eb p\u00ebr gjueti, rreth 4 milje larg Durr\u00ebsit duke ngritur rrjetat dhe ka konstatuar n\u00eb rrjeta nj\u00eb trup t\u00eb pajet\u00eb t\u00eb seksit mashkull.<\/em><\/p>\n<p><em>Kufoma \u00ebsht\u00eb transportuar n\u00eb morgun e spitalit p\u00ebr ekspertiz\u00eb mjeko-ligjore.<\/em><\/p>\n<p><em>Nga ekspertiza e jashtme, trupi nuk ka qen\u00eb i lidhur apo i mb\u00ebshtjell\u00eb.<\/em><\/p>\n<p><em>Nga k\u00ebqyrja nuk jan\u00eb evidentuar shenja dhune apo d\u00ebmtime t\u00eb ndonj\u00eb natyre tjet\u00ebr.<\/em><\/p>\n<p><em>Trupi ishte i veshur me rroba, i jan\u00eb evidentuar gjith\u00eb gjymtyr\u00ebt, por \u00ebsht\u00eb dekompozuar p\u00ebr shkak t\u00eb lag\u00ebshtis\u00eb.<\/em><\/p>\n<p><em>Grupi hetimor n\u00ebn drejtimin e Prokuroris\u00eb po vijon hetimet p\u00ebr identifikimin dhe sqarimin e plot\u00eb t\u00eb rrethanave t\u00eb ngjarjes.<\/em><\/p>","protected":false},"excerpt":{"rendered":"<p>Policia e Shtetit ka reaguar n\u00eb m\u00ebnyr\u00eb zyrtare p\u00ebr kufom\u00ebn e gjetur n\u00eb det nga nj\u00eb peshkarexh\u00eb. Policia thot\u00eb zyrtarisht se trupi i gjetur nuk ka shenja dhune dhe nuk ka qen\u00eb i mb\u00ebshtjell\u00eb. \u2018Trupi ishte i veshur me rroba, i jan\u00eb evidentuar gjith\u00eb gjymtyr\u00ebt, por \u00ebsht\u00eb dekompozuar p\u00ebr shkak t\u00eb lag\u00ebshtis\u00eb\u2019, b\u00ebn t\u00eb ditur [&hellip;]<\/p>\n","protected":false},"author":2013,"featured_media":38161,"comment_status":"open","ping_status":"closed","sticky":false,"template":"","format":"standard","meta":{"footnotes":""},"categories":[241,235],"tags":[],"class_list":{"0":"post-102148","1":"post","2":"type-post","3":"status-publish","4":"format-standard","5":"has-post-thumbnail","7":"category-aktualitet","8":"category-vendi"},"_links":{"self":[{"href":"https:\/\/zjarr.tv\/en\/wp-json\/wp\/v2\/posts\/102148","targetHints":{"allow":["GET"]}}],"collection":[{"href":"https:\/\/zjarr.tv\/en\/wp-json\/wp\/v2\/posts"}],"about":[{"href":"https:\/\/zjarr.tv\/en\/wp-json\/wp\/v2\/types\/post"}],"author":[{"embeddable":true,"href":"https:\/\/zjarr.tv\/en\/wp-json\/wp\/v2\/users\/2013"}],"replies":[{"embeddable":true,"href":"https:\/\/zjarr.tv\/en\/wp-json\/wp\/v2\/comments?post=102148"}],"version-history":[{"count":0,"href":"https:\/\/zjarr.tv\/en\/wp-json\/wp\/v2\/posts\/102148\/revisions"}],"wp:featuredmedia":[{"embeddable":true,"href":"https:\/\/zjarr.tv\/en\/wp-json\/wp\/v2\/media\/38161"}],"wp:attachment":[{"href":"https:\/\/zjarr.tv\/en\/wp-json\/wp\/v2\/media?parent=102148"}],"wp:term":[{"taxonomy":"category","embeddable":true,"href":"https:\/\/zjarr.tv\/en\/wp-json\/wp\/v2\/categories?post=102148"},{"taxonomy":"post_tag","embeddable":true,"href":"https:\/\/zjarr.tv\/en\/wp-json\/wp\/v2\/tags?post=102148"}],"curies":[{"name":"wp","href":"https:\/\/api.w.org\/{rel}","templated":true}]}}