{"id":102155,"date":"2019-08-18T18:10:26","date_gmt":"2019-08-18T16:10:26","guid":{"rendered":"https:\/\/zjarr.tv\/?p=102155"},"modified":"2019-08-18T15:28:11","modified_gmt":"2019-08-18T13:28:11","slug":"shkupi-dhe-prishtina-prane-luftes-tregtare","status":"publish","type":"post","link":"https:\/\/zjarr.tv\/en\/shkupi-dhe-prishtina-prane-luftes-tregtare\/","title":{"rendered":"Shkupi dhe Prishtina pran\u00eb luft\u00ebs tregtare"},"content":{"rendered":"<p>Maqedonia dhe Kosova jan\u00eb p\u00ebrpara nj\u00eb sfide t\u00eb re e cila mund t\u00eb shnd\u00ebrrohet n\u00eb nj\u00eb luft\u00eb tregtare.<\/p>\n<p>Pala kosovare \u00ebsht\u00eb prer\u00eb dhe thon\u00eb se nuk do t\u00eb heqin dor\u00eb. P\u00ebr sa koh\u00eb q\u00eb ndalohet importi i ikrave dhe materialit p\u00ebr shumimin e peshqve nga Kosova, ajo nuk do t\u00eb lejoj\u00eb importin e patateve dhe mjaltit nga Maqedonia.<\/p>\n<p>Masa e till\u00eb reciproke nuk i shqet\u00ebson shum\u00eb autoritetet maqedonase.<\/p>\n<p>Ministri i bujq\u00ebsis\u00eb Traian Dimkovski beson se problemi do t\u00eb tejkalohet. Ai thot\u00eb se ndalesa nuk vlen posa\u00e7\u00ebrisht p\u00ebr Kosov\u00ebn, por p\u00ebr t\u00eb gjitha vendet q\u00eb nuk b\u00ebjn\u00eb kontroll t\u00eb ikrave dhe peshqve t\u00eb vegj\u00ebl t\u00eb destinuar p\u00ebr shumim.<\/p>\n<p>\u201cKa dallim n\u00eb eksportin e patateve, duke filluar nga 40 deri n\u00eb 1000 ton vitin e kaluar. Nd\u00ebrsa p\u00ebr mjaltin kemi nj\u00eb vazhdim\u00ebsi n\u00eb vler\u00eb prej rreth 400,000 euro \u00ebsht\u00eb eksporti i mjaltit n\u00eb Kosov\u00eb. Ne nuk kemi t\u00eb dh\u00ebna nga ana e tyre se sa \u00ebsht\u00eb n\u00eb krahasim me importin e peshkut dhe ikr\u00ebs, sepse nuk ndahen nga norma t\u00eb tilla. T\u00eb h\u00ebn\u00ebn do t\u00eb kemi t\u00eb dh\u00ebna t\u00eb qarta dhe t\u00eb sakta mbi rreziqet nga ana jon\u00eb dhe ana e tyre\u201d-tha Trajan Dimovski, minist\u00ebr i bujq\u00ebsis\u00eb.<\/p>\n<p>Autoritetet e Kosov\u00ebs, nd\u00ebrkoh\u00eb, besojn\u00eb se ndalimi i eksportit t\u00eb ikr\u00ebs dhe materialit p\u00ebr shumimin e peshqve n\u00eb vend do t\u00eb shkaktoj\u00eb nj\u00eb goditje t\u00eb madhe p\u00ebr biznesin. Ata nuk shohin asnj\u00eb problem dhe besojn\u00eb se vendimi i tyre \u00ebsht\u00eb n\u00eb p\u00ebrputhje me marr\u00ebveshjen e CEFTA-s.<\/p>\n<p>Para m\u00eb shum\u00eb se nj\u00eb muaji, ikrat dhe materiali p\u00ebr shumimin e peshqve nga Kosova jan\u00eb ndaluar t\u00eb importohen n\u00eb Maqedoni. Arsyeja \u00ebsht\u00eb se Kosova nuk i kontrollon ato produkte, respektivisht nuk b\u00ebjn\u00eb monitorim si\u00e7 e k\u00ebrkojn\u00eb tregjet evropiane.<\/p>\n<p>Pa nj\u00eb certifikat\u00eb t\u00eb till\u00eb, nuk mund t\u00eb eksportohet as peshk n\u00eb tregjet e BE-s\u00eb. P\u00ebr k\u00ebt\u00eb arsye nga Qeveri insistojn\u00eb q\u00eb Kosova t\u00eb ket\u00eb monitorim me q\u00ebllim t\u00eb tregtis\u00eb s\u00eb lir\u00eb mes dy vendeve.<\/p>\n<p>Maqedonia dhe Kosova t\u00eb pakt\u00ebn nj\u00eb her\u00eb n\u00eb vit gjenden para luft\u00ebs tregtare. Vitin e kaluar, p\u00ebr m\u00eb shum\u00eb se 30 produkte bujq\u00ebsore t\u00eb prodhuara n\u00eb vend, Kosova e rriti taks\u00ebn doganore, dhe d\u00ebmet u vler\u00ebsuan mbi 2 milion euro.<\/p>\n<p>&nbsp;<\/p>","protected":false},"excerpt":{"rendered":"<p>Maqedonia dhe Kosova jan\u00eb p\u00ebrpara nj\u00eb sfide t\u00eb re e cila mund t\u00eb shnd\u00ebrrohet n\u00eb nj\u00eb luft\u00eb tregtare. Pala kosovare \u00ebsht\u00eb prer\u00eb dhe thon\u00eb se nuk do t\u00eb heqin dor\u00eb. P\u00ebr sa koh\u00eb q\u00eb ndalohet importi i ikrave dhe materialit p\u00ebr shumimin e peshqve nga Kosova, ajo nuk do t\u00eb lejoj\u00eb importin e patateve dhe [&hellip;]<\/p>\n","protected":false},"author":2013,"featured_media":102157,"comment_status":"open","ping_status":"closed","sticky":false,"template":"","format":"standard","meta":{"footnotes":""},"categories":[241,2],"tags":[],"class_list":{"0":"post-102155","1":"post","2":"type-post","3":"status-publish","4":"format-standard","5":"has-post-thumbnail","7":"category-aktualitet","8":"category-rajoni"},"_links":{"self":[{"href":"https:\/\/zjarr.tv\/en\/wp-json\/wp\/v2\/posts\/102155","targetHints":{"allow":["GET"]}}],"collection":[{"href":"https:\/\/zjarr.tv\/en\/wp-json\/wp\/v2\/posts"}],"about":[{"href":"https:\/\/zjarr.tv\/en\/wp-json\/wp\/v2\/types\/post"}],"author":[{"embeddable":true,"href":"https:\/\/zjarr.tv\/en\/wp-json\/wp\/v2\/users\/2013"}],"replies":[{"embeddable":true,"href":"https:\/\/zjarr.tv\/en\/wp-json\/wp\/v2\/comments?post=102155"}],"version-history":[{"count":0,"href":"https:\/\/zjarr.tv\/en\/wp-json\/wp\/v2\/posts\/102155\/revisions"}],"wp:featuredmedia":[{"embeddable":true,"href":"https:\/\/zjarr.tv\/en\/wp-json\/wp\/v2\/media\/102157"}],"wp:attachment":[{"href":"https:\/\/zjarr.tv\/en\/wp-json\/wp\/v2\/media?parent=102155"}],"wp:term":[{"taxonomy":"category","embeddable":true,"href":"https:\/\/zjarr.tv\/en\/wp-json\/wp\/v2\/categories?post=102155"},{"taxonomy":"post_tag","embeddable":true,"href":"https:\/\/zjarr.tv\/en\/wp-json\/wp\/v2\/tags?post=102155"}],"curies":[{"name":"wp","href":"https:\/\/api.w.org\/{rel}","templated":true}]}}