{"id":102384,"date":"2019-08-20T12:21:02","date_gmt":"2019-08-20T10:21:02","guid":{"rendered":"https:\/\/zjarr.tv\/?p=102384"},"modified":"2019-08-20T12:21:02","modified_gmt":"2019-08-20T10:21:02","slug":"kryebashkiaku-i-rames-shkarkon-60-punonjes-bashkie","status":"publish","type":"post","link":"https:\/\/zjarr.tv\/en\/kryebashkiaku-i-rames-shkarkon-60-punonjes-bashkie\/","title":{"rendered":"Kryebashkiaku i Ram\u00ebs, shkarkon 60 punonj\u00ebs bashkie"},"content":{"rendered":"<p>Me t\u00eb marr\u00eb detyr\u00ebn, kryebashkiaku i em\u00ebruar nga Edi Rama ka vendosur t\u00eb shkarkoj\u00eb me nj\u00eb t\u00eb r\u00ebn\u00eb t\u00eb lapsit, 60 punonj\u00ebs,<\/p>\n<p>Operacion \u2018fshesa\u2019 ka ndodhur n\u00eb Bashkin\u00eb Selenic\u00eb.<\/p>\n<p>Kryetari i sapo zgjedhur i k\u00ebsaj Bashkie pas vet\u00ebm 10 dit\u00ebsh q\u00eb mori detyr\u00ebn ka firmosur shkarkimin e 60 punonj\u00ebsve t\u00eb k\u00ebsaj Bashkie.<\/p>\n<div id=\"rekl-13\">\n<div id=\"__sap-ad-15\" class=\"__sap-ads __sap-html tracked\" data-title=\"Credins desktop 08\"><ins><\/p>\n<div id=\"beacon_fe61757f2c\"><img loading=\"lazy\" decoding=\"async\" src=\"https:\/\/ads1.medium.al\/www\/delivery\/lg.php?bannerid=373&amp;campaignid=48&amp;zoneid=182&amp;loc=https%3A%2F%2Fwww.syri.net%2Fpolitike%2F275092%2Fnuk-permbahet-kryebashkiaku-i-rames-shkarkon-60-punonjes-bashkie%2F&amp;referer=https%3A%2F%2Fwww.syri.net%2Flajme%2F&amp;cb=fe61757f2c\" alt=\"\" width=\"0\" height=\"0\" \/><\/div>\n<p><\/ins><\/div>\n<\/div>\n<p>Pun\u00ebtoret e shkarkuar jan\u00eb ata t\u00eb nd\u00ebrmarrjes s\u00eb sh\u00ebrbimeve publike, kryesisht n\u00eb pastrim dhe gjelb\u00ebrim.<\/p>\n<p>Sipas informacioneve t\u00eb marra n\u00eb fillim jav\u00ebn q\u00eb lam\u00eb pas kreu i Bashkis\u00eb P\u00ebllumb Binaj ka firmos nd\u00ebrprerjen e kontrat\u00ebs me 60 pun\u00ebtor\u00eb t\u00eb gjelb\u00ebrimit dhe pastrimit.<\/p>\n<p>P\u00ebllumb Binaj e mori detyr\u00ebn n\u00eb dat\u00ebn 5 t\u00eb k\u00ebtij muaji.<\/p>","protected":false},"excerpt":{"rendered":"<p>Me t\u00eb marr\u00eb detyr\u00ebn, kryebashkiaku i em\u00ebruar nga Edi Rama ka vendosur t\u00eb shkarkoj\u00eb me nj\u00eb t\u00eb r\u00ebn\u00eb t\u00eb lapsit, 60 punonj\u00ebs, Operacion \u2018fshesa\u2019 ka ndodhur n\u00eb Bashkin\u00eb Selenic\u00eb. Kryetari i sapo zgjedhur i k\u00ebsaj Bashkie pas vet\u00ebm 10 dit\u00ebsh q\u00eb mori detyr\u00ebn ka firmosur shkarkimin e 60 punonj\u00ebsve t\u00eb k\u00ebsaj Bashkie. Pun\u00ebtoret e shkarkuar [&hellip;]<\/p>\n","protected":false},"author":2013,"featured_media":55580,"comment_status":"open","ping_status":"closed","sticky":false,"template":"","format":"standard","meta":{"footnotes":""},"categories":[241,235],"tags":[],"class_list":{"0":"post-102384","1":"post","2":"type-post","3":"status-publish","4":"format-standard","5":"has-post-thumbnail","7":"category-aktualitet","8":"category-vendi"},"_links":{"self":[{"href":"https:\/\/zjarr.tv\/en\/wp-json\/wp\/v2\/posts\/102384","targetHints":{"allow":["GET"]}}],"collection":[{"href":"https:\/\/zjarr.tv\/en\/wp-json\/wp\/v2\/posts"}],"about":[{"href":"https:\/\/zjarr.tv\/en\/wp-json\/wp\/v2\/types\/post"}],"author":[{"embeddable":true,"href":"https:\/\/zjarr.tv\/en\/wp-json\/wp\/v2\/users\/2013"}],"replies":[{"embeddable":true,"href":"https:\/\/zjarr.tv\/en\/wp-json\/wp\/v2\/comments?post=102384"}],"version-history":[{"count":0,"href":"https:\/\/zjarr.tv\/en\/wp-json\/wp\/v2\/posts\/102384\/revisions"}],"wp:featuredmedia":[{"embeddable":true,"href":"https:\/\/zjarr.tv\/en\/wp-json\/wp\/v2\/media\/55580"}],"wp:attachment":[{"href":"https:\/\/zjarr.tv\/en\/wp-json\/wp\/v2\/media?parent=102384"}],"wp:term":[{"taxonomy":"category","embeddable":true,"href":"https:\/\/zjarr.tv\/en\/wp-json\/wp\/v2\/categories?post=102384"},{"taxonomy":"post_tag","embeddable":true,"href":"https:\/\/zjarr.tv\/en\/wp-json\/wp\/v2\/tags?post=102384"}],"curies":[{"name":"wp","href":"https:\/\/api.w.org\/{rel}","templated":true}]}}