{"id":102392,"date":"2019-08-20T12:28:27","date_gmt":"2019-08-20T10:28:27","guid":{"rendered":"https:\/\/zjarr.tv\/?p=102392"},"modified":"2019-08-20T12:28:27","modified_gmt":"2019-08-20T10:28:27","slug":"aksident-me-vde-kje-ne-tirane","status":"publish","type":"post","link":"https:\/\/zjarr.tv\/en\/aksident-me-vde-kje-ne-tirane\/","title":{"rendered":"Aksident me vde.kje n\u00eb Tiran\u00eb"},"content":{"rendered":"<p>Nj\u00eb aksidenti me pasoj\u00eb vdekjen ka ndodhur paraditen e sotme n\u00eb Tiran\u00eb.<\/p>\n<p>Ngjarja e r\u00ebnd\u00eb ka ndodhur n\u00eb Fark\u00eb. M\u00ebsohet se nj\u00eb autobus pasagjer\u00ebsh ka p\u00ebrplasur nj\u00eb motor.<\/p>\n<p>P\u00ebr pasoj\u00eb ka humbur jet\u00ebn nj\u00eb 55-vje\u00e7ar q\u00eb ishte n\u00eb drejtimin e motorit.<\/p>\n<div id=\"rekl-13\">\n<div id=\"__sap-ad-15\" class=\"__sap-ads __sap-html tracked\" data-title=\"Credins desktop 08\"><\/div>\n<\/div>\n<p><strong>Policia Tiran\u00eb\/ Informacion Paraprak<\/strong><\/p>\n<p><em>Rreth or\u00ebs 11:00 n\u00eb rrug\u00ebn q\u00eb t\u00eb \u00e7on n\u00eb Fark\u00eb t\u00eb Vog\u00ebl, moto\u00e7ikleta me drejtues shtetasin SH. S., 55 vje\u00e7 \u00ebsht\u00eb p\u00ebrplasur me autobusin me drejtues H. P., 51 vje\u00e7.<\/em><\/p>\n<p><em>Si pasoj\u00eb e p\u00ebrplasjes dhe plag\u00ebve t\u00eb marra, ka nd\u00ebrruar jet\u00eb p\u00ebr n\u00eb spital drejtuesi i moto\u00e7iklet\u00ebs, shtetasi SH. S.<\/em><\/p>\n<p><em>Drejtuesi i autobusit, shtetasi H. P.\u00a0 L, \u00ebsht\u00eb shoq\u00ebruar n\u00eb Komisariat p\u00ebr veprime t\u00eb m\u00ebtejshme hetimore.<\/em><\/p>\n<p><em>Grupi hetimor ndodhet n\u00eb vendngjarje dhe po vijon pun\u00ebn p\u00ebr sqarimin e rrethanave t\u00eb ngjarjes dhe shkakut t\u00eb aksidentit.<\/em><\/p>","protected":false},"excerpt":{"rendered":"<p>Nj\u00eb aksidenti me pasoj\u00eb vdekjen ka ndodhur paraditen e sotme n\u00eb Tiran\u00eb. Ngjarja e r\u00ebnd\u00eb ka ndodhur n\u00eb Fark\u00eb. M\u00ebsohet se nj\u00eb autobus pasagjer\u00ebsh ka p\u00ebrplasur nj\u00eb motor. P\u00ebr pasoj\u00eb ka humbur jet\u00ebn nj\u00eb 55-vje\u00e7ar q\u00eb ishte n\u00eb drejtimin e motorit. Policia Tiran\u00eb\/ Informacion Paraprak Rreth or\u00ebs 11:00 n\u00eb rrug\u00ebn q\u00eb t\u00eb \u00e7on n\u00eb Fark\u00eb [&hellip;]<\/p>\n","protected":false},"author":2013,"featured_media":38161,"comment_status":"open","ping_status":"closed","sticky":false,"template":"","format":"standard","meta":{"footnotes":""},"categories":[241,235],"tags":[],"class_list":{"0":"post-102392","1":"post","2":"type-post","3":"status-publish","4":"format-standard","5":"has-post-thumbnail","7":"category-aktualitet","8":"category-vendi"},"_links":{"self":[{"href":"https:\/\/zjarr.tv\/en\/wp-json\/wp\/v2\/posts\/102392","targetHints":{"allow":["GET"]}}],"collection":[{"href":"https:\/\/zjarr.tv\/en\/wp-json\/wp\/v2\/posts"}],"about":[{"href":"https:\/\/zjarr.tv\/en\/wp-json\/wp\/v2\/types\/post"}],"author":[{"embeddable":true,"href":"https:\/\/zjarr.tv\/en\/wp-json\/wp\/v2\/users\/2013"}],"replies":[{"embeddable":true,"href":"https:\/\/zjarr.tv\/en\/wp-json\/wp\/v2\/comments?post=102392"}],"version-history":[{"count":0,"href":"https:\/\/zjarr.tv\/en\/wp-json\/wp\/v2\/posts\/102392\/revisions"}],"wp:featuredmedia":[{"embeddable":true,"href":"https:\/\/zjarr.tv\/en\/wp-json\/wp\/v2\/media\/38161"}],"wp:attachment":[{"href":"https:\/\/zjarr.tv\/en\/wp-json\/wp\/v2\/media?parent=102392"}],"wp:term":[{"taxonomy":"category","embeddable":true,"href":"https:\/\/zjarr.tv\/en\/wp-json\/wp\/v2\/categories?post=102392"},{"taxonomy":"post_tag","embeddable":true,"href":"https:\/\/zjarr.tv\/en\/wp-json\/wp\/v2\/tags?post=102392"}],"curies":[{"name":"wp","href":"https:\/\/api.w.org\/{rel}","templated":true}]}}