{"id":102397,"date":"2019-08-20T13:30:19","date_gmt":"2019-08-20T11:30:19","guid":{"rendered":"https:\/\/zjarr.tv\/?p=102397"},"modified":"2019-08-20T13:30:19","modified_gmt":"2019-08-20T11:30:19","slug":"meta-takon-kryetarin-e-komunes-se-tuzit-shqiptaret-e-malit-te-zi-faktor-stabiliteti","status":"publish","type":"post","link":"https:\/\/zjarr.tv\/en\/meta-takon-kryetarin-e-komunes-se-tuzit-shqiptaret-e-malit-te-zi-faktor-stabiliteti\/","title":{"rendered":"Meta takon kryetarin e Komun\u00ebs s\u00eb Tuzit: Shqiptar\u00ebt e Malit t\u00eb Zi faktor stabiliteti"},"content":{"rendered":"<div class=\"readmore-text-here\">\n<p>Presidenti i Republik\u00ebs, Ilir Meta priti sot n\u00eb nj\u00eb takim kryetarin e Komun\u00ebs s\u00eb Tuzit, Nik Gjeloshaj.<\/p>\n<p>Duke i uruar suksese gjat\u00eb mandatit n\u00eb krye t\u00eb Komun\u00ebs s\u00eb Tuzit, Presidenti Meta theksoi se fitorja e z.Gjeloshaj \u00ebsht\u00eb jo vet\u00ebm nj\u00eb mund\u00ebsi p\u00ebr t\u00eb p\u00ebrmir\u00ebsuar qeverisjen vendore, por nj\u00ebkoh\u00ebsisht edhe p\u00ebr t\u00eb treguar aft\u00ebsit\u00eb drejtuese t\u00eb shqiptar\u00ebve t\u00eb Tuzit, p\u00ebrmes bashk\u00ebpunimit dhe bashk\u00ebjetes\u00ebs me malazez\u00ebt dhe me t\u00eb gjith\u00eb grupimet e tjera etnike.<\/p>\n<div class=\"in-artile-read-more\"><\/div>\n<p>Kreu i Shtetit i vler\u00ebsoi shembullore p\u00ebr t\u00eb gjith\u00eb rajonin marr\u00ebdh\u00ebniet e shk\u00eblqyera tradicionale mes Shqip\u00ebris\u00eb dhe Malit t\u00eb Zi,\u00a0 si dhe shprehu bindjen se shqiptar\u00ebt n\u00eb Malin e Zi do t\u00eb vazhdojn\u00eb t\u00eb jen\u00eb faktor ky\u00e7 p\u00ebr t\u00eb ardhmen euro-atlantike dhe europiane t\u00eb k\u00ebtij vendi mik dhe partner i r\u00ebnd\u00ebsish\u00ebm p\u00ebr paqen e stabilitetin n\u00eb rajon.<\/p>\n<div id=\"rekl-13\">\n<div id=\"__sap-ad-15\" class=\"__sap-ads __sap-html tracked\" data-title=\"Credins desktop 08\"><ins><\/p>\n<div id=\"beacon_f06d689227\"><img loading=\"lazy\" decoding=\"async\" src=\"https:\/\/ads1.medium.al\/www\/delivery\/lg.php?bannerid=373&amp;campaignid=48&amp;zoneid=182&amp;loc=https%3A%2F%2Fwww.syri.net%2Fpolitike%2F275120%2Fmeta-takon-kryetarin-e-komunes-se-tuzit-shqiptaret-e-malit-te-zi-faktor-stabiliteti%2F&amp;referer=https%3A%2F%2Fwww.syri.net%2Flajme%2F&amp;cb=f06d689227\" alt=\"\" width=\"0\" height=\"0\" \/><\/div>\n<p><\/ins><\/div>\n<\/div>\n<\/div>\n<p>&nbsp;<\/p>","protected":false},"excerpt":{"rendered":"<p>Presidenti i Republik\u00ebs, Ilir Meta priti sot n\u00eb nj\u00eb takim kryetarin e Komun\u00ebs s\u00eb Tuzit, Nik Gjeloshaj. Duke i uruar suksese gjat\u00eb mandatit n\u00eb krye t\u00eb Komun\u00ebs s\u00eb Tuzit, Presidenti Meta theksoi se fitorja e z.Gjeloshaj \u00ebsht\u00eb jo vet\u00ebm nj\u00eb mund\u00ebsi p\u00ebr t\u00eb p\u00ebrmir\u00ebsuar qeverisjen vendore, por nj\u00ebkoh\u00ebsisht edhe p\u00ebr t\u00eb treguar aft\u00ebsit\u00eb drejtuese t\u00eb [&hellip;]<\/p>\n","protected":false},"author":2013,"featured_media":102398,"comment_status":"open","ping_status":"closed","sticky":false,"template":"","format":"standard","meta":{"footnotes":""},"categories":[241,235],"tags":[],"class_list":{"0":"post-102397","1":"post","2":"type-post","3":"status-publish","4":"format-standard","5":"has-post-thumbnail","7":"category-aktualitet","8":"category-vendi"},"_links":{"self":[{"href":"https:\/\/zjarr.tv\/en\/wp-json\/wp\/v2\/posts\/102397","targetHints":{"allow":["GET"]}}],"collection":[{"href":"https:\/\/zjarr.tv\/en\/wp-json\/wp\/v2\/posts"}],"about":[{"href":"https:\/\/zjarr.tv\/en\/wp-json\/wp\/v2\/types\/post"}],"author":[{"embeddable":true,"href":"https:\/\/zjarr.tv\/en\/wp-json\/wp\/v2\/users\/2013"}],"replies":[{"embeddable":true,"href":"https:\/\/zjarr.tv\/en\/wp-json\/wp\/v2\/comments?post=102397"}],"version-history":[{"count":0,"href":"https:\/\/zjarr.tv\/en\/wp-json\/wp\/v2\/posts\/102397\/revisions"}],"wp:featuredmedia":[{"embeddable":true,"href":"https:\/\/zjarr.tv\/en\/wp-json\/wp\/v2\/media\/102398"}],"wp:attachment":[{"href":"https:\/\/zjarr.tv\/en\/wp-json\/wp\/v2\/media?parent=102397"}],"wp:term":[{"taxonomy":"category","embeddable":true,"href":"https:\/\/zjarr.tv\/en\/wp-json\/wp\/v2\/categories?post=102397"},{"taxonomy":"post_tag","embeddable":true,"href":"https:\/\/zjarr.tv\/en\/wp-json\/wp\/v2\/tags?post=102397"}],"curies":[{"name":"wp","href":"https:\/\/api.w.org\/{rel}","templated":true}]}}