{"id":102402,"date":"2019-08-20T13:33:03","date_gmt":"2019-08-20T11:33:03","guid":{"rendered":"https:\/\/zjarr.tv\/?p=102402"},"modified":"2019-08-20T13:33:03","modified_gmt":"2019-08-20T11:33:03","slug":"me-votime-moniste-dhe-ppp-korruptive-te-edi-rames-do-te-behemi-pjese-e-be-se","status":"publish","type":"post","link":"https:\/\/zjarr.tv\/en\/me-votime-moniste-dhe-ppp-korruptive-te-edi-rames-do-te-behemi-pjese-e-be-se\/","title":{"rendered":"Me votime moniste dhe PPP korruptive t\u00eb Edi Ram\u00ebs do t\u00eb b\u00ebhemi pjes\u00eb e BE-s\u00eb?!"},"content":{"rendered":"<p><strong>Nga Belind K\u00eblli\u00e7i.<\/strong><\/p>\n<p>Mesazh i qart\u00eb dhe i fort\u00eb nga Kancelarja Angela Merkel se Europa do t\u00eb jet\u00eb me t\u00eb v\u00ebrtet\u00eb e bashkuar, at\u00ebher\u00eb kur t\u00eb integrohet dhe Ballkani Per\u00ebndimor. Por q\u00eb t\u00eb integrohemi dhe hapim negociatat me BE, duhet me t\u00eb v\u00ebrtet\u00eb ta meritojm\u00eb dhe t\u00eb tregojm\u00eb se politika punon n\u00eb interes t\u00eb qytetarit dhe jo p\u00ebr t\u00eb vjedhur qytetarin dhe pasurin\u00eb publike.<\/p>\n<p>Pyetja q\u00eb\u00a0shtrohet \u00ebsht\u00eb: P\u00ebrpos vullnetit t\u00eb\u00a0pal\u00ebkundur t\u00eb\u00a0Gjermanis\u00eb\u00a0dhe personalisht Kancelares Merkel q\u00eb\u00a0ne t\u00eb\u00a0integrohemi n\u00eb\u00a0BE, a mendon sot shumica e qytetareve shqiptar\u00eb\u00a0se me Edi Ram\u00ebn dhe k\u00ebt\u00eb\u00a0qeverisje, me votime moniste, me blerje votash dhe me PPP korruptive, ne mund t\u2019ia dalim t\u00eb\u00a0b\u00ebhemi pjes\u00eb\u00a0e familjes s\u00eb\u00a0madhe t\u00eb BE?!!!<\/p>","protected":false},"excerpt":{"rendered":"<p>Nga Belind K\u00eblli\u00e7i. Mesazh i qart\u00eb dhe i fort\u00eb nga Kancelarja Angela Merkel se Europa do t\u00eb jet\u00eb me t\u00eb v\u00ebrtet\u00eb e bashkuar, at\u00ebher\u00eb kur t\u00eb integrohet dhe Ballkani Per\u00ebndimor. Por q\u00eb t\u00eb integrohemi dhe hapim negociatat me BE, duhet me t\u00eb v\u00ebrtet\u00eb ta meritojm\u00eb dhe t\u00eb tregojm\u00eb se politika punon n\u00eb interes t\u00eb qytetarit [&hellip;]<\/p>\n","protected":false},"author":2013,"featured_media":102404,"comment_status":"open","ping_status":"closed","sticky":false,"template":"","format":"standard","meta":{"footnotes":""},"categories":[241,235],"tags":[],"class_list":{"0":"post-102402","1":"post","2":"type-post","3":"status-publish","4":"format-standard","5":"has-post-thumbnail","7":"category-aktualitet","8":"category-vendi"},"_links":{"self":[{"href":"https:\/\/zjarr.tv\/en\/wp-json\/wp\/v2\/posts\/102402","targetHints":{"allow":["GET"]}}],"collection":[{"href":"https:\/\/zjarr.tv\/en\/wp-json\/wp\/v2\/posts"}],"about":[{"href":"https:\/\/zjarr.tv\/en\/wp-json\/wp\/v2\/types\/post"}],"author":[{"embeddable":true,"href":"https:\/\/zjarr.tv\/en\/wp-json\/wp\/v2\/users\/2013"}],"replies":[{"embeddable":true,"href":"https:\/\/zjarr.tv\/en\/wp-json\/wp\/v2\/comments?post=102402"}],"version-history":[{"count":0,"href":"https:\/\/zjarr.tv\/en\/wp-json\/wp\/v2\/posts\/102402\/revisions"}],"wp:featuredmedia":[{"embeddable":true,"href":"https:\/\/zjarr.tv\/en\/wp-json\/wp\/v2\/media\/102404"}],"wp:attachment":[{"href":"https:\/\/zjarr.tv\/en\/wp-json\/wp\/v2\/media?parent=102402"}],"wp:term":[{"taxonomy":"category","embeddable":true,"href":"https:\/\/zjarr.tv\/en\/wp-json\/wp\/v2\/categories?post=102402"},{"taxonomy":"post_tag","embeddable":true,"href":"https:\/\/zjarr.tv\/en\/wp-json\/wp\/v2\/tags?post=102402"}],"curies":[{"name":"wp","href":"https:\/\/api.w.org\/{rel}","templated":true}]}}