{"id":102589,"date":"2019-08-21T13:39:43","date_gmt":"2019-08-21T11:39:43","guid":{"rendered":"https:\/\/zjarr.tv\/?p=102589"},"modified":"2019-08-21T13:39:43","modified_gmt":"2019-08-21T11:39:43","slug":"thesari-eshte-i-shtetit-nuk-eshte-banka-e-edi-rames","status":"publish","type":"post","link":"https:\/\/zjarr.tv\/en\/thesari-eshte-i-shtetit-nuk-eshte-banka-e-edi-rames\/","title":{"rendered":"Thesari \u00ebsht\u00eb i shtetit, nuk \u00ebsht\u00eb \u201cbanka\u201d e Edi Ram\u00ebs!"},"content":{"rendered":"<p>Nga Qamil Gjyrezi<\/p>\n<p><a href=\"https:\/\/zjarr.tv\/wp-content\/uploads\/2019\/08\/qamil-gjyrezi-c1200x600.jpg\"><img loading=\"lazy\" decoding=\"async\" class=\"alignnone  wp-image-102590\" src=\"https:\/\/zjarr.tv\/wp-content\/uploads\/2019\/08\/qamil-gjyrezi-c1200x600-300x150.jpg\" alt=\"\" width=\"352\" height=\"176\" srcset=\"https:\/\/zjarr.tv\/wp-content\/uploads\/2019\/08\/qamil-gjyrezi-c1200x600-300x150.jpg 300w, https:\/\/zjarr.tv\/wp-content\/uploads\/2019\/08\/qamil-gjyrezi-c1200x600-768x384.jpg 768w, https:\/\/zjarr.tv\/wp-content\/uploads\/2019\/08\/qamil-gjyrezi-c1200x600-1024x512.jpg 1024w, https:\/\/zjarr.tv\/wp-content\/uploads\/2019\/08\/qamil-gjyrezi-c1200x600-696x348.jpg 696w, https:\/\/zjarr.tv\/wp-content\/uploads\/2019\/08\/qamil-gjyrezi-c1200x600-1068x534.jpg 1068w, https:\/\/zjarr.tv\/wp-content\/uploads\/2019\/08\/qamil-gjyrezi-c1200x600-840x420.jpg 840w, https:\/\/zjarr.tv\/wp-content\/uploads\/2019\/08\/qamil-gjyrezi-c1200x600.jpg 1200w\" sizes=\"auto, (max-width: 352px) 100vw, 352px\" \/><\/a><\/p>\n<p>Kryeministri i d\u00ebshtuar Edi Rama, filloi hakmarrjen e past\u00ebr politike me Shkodr\u00ebn dhe qytetar\u00ebt e saj duke i bllokuar fondet, mbas protestave paq\u00ebsore p\u00ebr konstituimin e K\u00ebshillit bashkiak antikushtetues! Nj\u00eb kryeminist\u00ebr i p\u00ebrgjegjsh\u00ebm e kontrollon thesarin e shtetit si pasuri e t\u00eb gjith\u00eb shqiptar\u00ebve dhe jo si pron\u00ebs p\u00ebrsonale! Edi Rama e p\u00ebrdor thesarin e shtetit politikisht, p\u00ebr t\u00eb \u201cshantazhuar \u201cpolitik\u00ebn dhe qytetar\u00ebt, nj\u00eb institucion pjes\u00eb e siguris\u00eb komb\u00ebtare! P\u00ebr k\u00ebt\u00eb q\u00ebllim ka em\u00ebruar nj\u00eb ministre, q\u00eb nuk \u00ebsht\u00eb as e djath\u00eb as e majt\u00eb, por veg\u00ebl e Edi Ram\u00ebs, sic p\u00ebrdor edhe institucionet e tjera t\u00eb shtetit, duke qeverisur si nj\u00eb \u201cautoritar\u201d, deri n\u00eb sekond\u00ebn e fundit t\u00eb qeverisjes s\u00eb tij! Nuk \u00ebsht\u00eb dicka e re p\u00ebr qytetar\u00ebt e Shkodr\u00ebs, q\u00eb Edi Rama e ka bllokuar dhe provokuar Shkodr\u00ebn me metodat e tija \u201cokulte\u201d hakmarr\u00ebse, n\u00eb politik\u00ebn e zhvillimit ekonomik dhe kulturor! E kam shkruar n\u00eb nj\u00eb artikull tjet\u00ebr, q\u00eb Edi Rama b\u00ebri disa investime n\u00eb qytetin e Shkodr\u00ebs, gjithmon\u00eb duke i tenderuar dhe kontrolluar vet\u00eb me klient\u00ebt e tij, dhe me P.P.T.-t\u00eb e tija, p\u00ebr pa marr\u00eb Bashkin\u00eb e Shkodr\u00ebs! Q\u00eblllimi i tij ishte bllokimi dhe kontrollimi i investimeve \u201cminimale\u201d p\u00ebr Shkodr\u00ebn, n\u00eb favor t\u00eb klient\u00ebve t\u00eb tij, gjithmon\u00eb duke akuzuar Bashkin\u00eb e Shkodr\u00ebs dhe kryetaren e saj se \u201cgjoja\u201d nuk din t\u00eb shkruaj\u00eb projekte t\u00eb zhvillimit ekonomik! Bashkia e Shkodr\u00ebs n\u00eb k\u00ebto 6 vite, i ka d\u00ebrguar Edi Ram\u00ebs si kryeminist\u00ebr projekte zhvillimi t\u00eb detajuar dhe t\u00eb dizajnuar me t\u00eb gjitha afatet dhe kostot financiare deri n\u00eb detaje! N\u00eb Bashkin\u00eb e Shkodr\u00ebs, ka punonj\u00ebs me aft\u00ebsi shum\u00eb t\u00eb mira p\u00ebr politik\u00ebn e zhvillimit ekonomik dhe kulturor t\u00eb njohur dhe t\u00eb trajnuar nd\u00ebrkomb\u00ebtarisht! Por nj\u00eb kryeminist\u00ebr q\u00eb bash\u00ebpunon me \u201cnarkotrafikant\u00ebt\u201d dhe nuk ka q\u00ebllime dashamir\u00ebse p\u00ebr Shkodr\u00ebn, nuk mund ta zhvilloj\u00eb dhe nuk don ta zhvilloj\u00eb qytetin e kultur\u00ebs dhe t\u00eb tradit\u00ebs! P\u00ebr fajin e tij mbasi kandidoi nj\u00eb \u201cnarkotrafikant\u201d n\u00eb votimet \u201cZero\u201d t\u00eb dat\u00ebs 30 Qershor\u00eb, kandidati i tij doli nj\u00eb person me precedent penal i akuzuar nga policia dhe prokuroria italiane. Si pasoj\u00eb e k\u00ebsaj humbje polititike r\u00eb radh\u00ebs, ka filluar intrigat e tija p\u00ebr largimin e kryetares s\u00eb Bashkis\u00eb Voltana Ademi dhe dje ka filluar bllokimin e veprimeve p\u00ebr likuidimin e faturave me urdh\u00ebra politik nga Dega e Thesarit, p\u00ebr t\u00eb penguar punimet n\u00eb sektor\u00eb shum\u00eb t\u00eb r\u00ebnd\u00ebsish\u00ebm t\u00eb zhillimit ekonomik n\u00eb qytetin e Shkodr\u00ebs! Edi Rama duhet ta dij\u00eb mir\u00eb se me k\u00ebta urdh\u00ebra politik nuk i b\u00ebjn\u00eb asgj\u00eb t\u00eb keqe P.D.-s\u00eb, kryetares aktuale Voltana Ademi! Edi Rama me p\u00ebrfaq\u00ebsuesit e tij n\u00eb Shkod\u00ebr, po k\u00ebrkon zgjidhje klandestine, aniligjore duke e d\u00ebrguar situat\u00ebn e Shkodr\u00ebs, n\u00eb KQZ-n\u00eb politike veg\u00ebl n\u00eb duart e tij! K\u00ebto urdh\u00ebra politik\u00eb ndikojn\u00eb negativisht n\u00eb jet\u00ebn ekonomike t\u00eb shkodran\u00ebve dhe pengojn\u00eb f\u00ebmij\u00ebt e cerdheve, ndihm\u00ebn ekonomike, pastrimin e qytetit zhvillimin e qendrave social-kulturore n\u00eb Shkod\u00ebr dhe disa sh\u00ebrbime komunitare, q\u00eb jan\u00eb pjes\u00eb e komunitetit t\u00eb Shkodr\u00ebs! Edi Rama nuk mund t\u00eb pengoj\u00eb dhe bollkoj\u00eb nj\u00eb qytet t\u00eb t\u00ebr\u00eb p\u00ebr \u201cEgot\u201d e tija t\u00eb cmendura!? Bllokimi i fondeve \u00ebsht\u00eb provokim i past\u00ebr i nj\u00eb kryeminstri n\u00eb ikje, p\u00ebr t\u00eb gjith\u00eb shkodran\u00ebt dhe Shkodr\u00ebn 2400 vjecare! Si qytetar i Shkodr\u00ebs, intelektual dhe prind i drejtohem Edi Ram\u00ebs! Mos e blloko Shkodr\u00ebn p\u00ebr inatet dhe egot e tuaja t\u00eb shfrenuara dhe mos i p\u00ebrdor isntitucionet e shtetit, p\u00ebr karrigen dhe pushtetin t\u00ebnd personal! Shkodra i takon t\u00eb gjith\u00ebve!<\/p>","protected":false},"excerpt":{"rendered":"<p>Nga Qamil Gjyrezi Kryeministri i d\u00ebshtuar Edi Rama, filloi hakmarrjen e past\u00ebr politike me Shkodr\u00ebn dhe qytetar\u00ebt e saj duke i bllokuar fondet, mbas protestave paq\u00ebsore p\u00ebr konstituimin e K\u00ebshillit bashkiak antikushtetues! Nj\u00eb kryeminist\u00ebr i p\u00ebrgjegjsh\u00ebm e kontrollon thesarin e shtetit si pasuri e t\u00eb gjith\u00eb shqiptar\u00ebve dhe jo si pron\u00ebs p\u00ebrsonale! Edi Rama e [&hellip;]<\/p>\n","protected":false},"author":2013,"featured_media":76602,"comment_status":"open","ping_status":"closed","sticky":false,"template":"","format":"standard","meta":{"footnotes":""},"categories":[241,235],"tags":[],"class_list":{"0":"post-102589","1":"post","2":"type-post","3":"status-publish","4":"format-standard","5":"has-post-thumbnail","7":"category-aktualitet","8":"category-vendi"},"_links":{"self":[{"href":"https:\/\/zjarr.tv\/en\/wp-json\/wp\/v2\/posts\/102589","targetHints":{"allow":["GET"]}}],"collection":[{"href":"https:\/\/zjarr.tv\/en\/wp-json\/wp\/v2\/posts"}],"about":[{"href":"https:\/\/zjarr.tv\/en\/wp-json\/wp\/v2\/types\/post"}],"author":[{"embeddable":true,"href":"https:\/\/zjarr.tv\/en\/wp-json\/wp\/v2\/users\/2013"}],"replies":[{"embeddable":true,"href":"https:\/\/zjarr.tv\/en\/wp-json\/wp\/v2\/comments?post=102589"}],"version-history":[{"count":0,"href":"https:\/\/zjarr.tv\/en\/wp-json\/wp\/v2\/posts\/102589\/revisions"}],"wp:featuredmedia":[{"embeddable":true,"href":"https:\/\/zjarr.tv\/en\/wp-json\/wp\/v2\/media\/76602"}],"wp:attachment":[{"href":"https:\/\/zjarr.tv\/en\/wp-json\/wp\/v2\/media?parent=102589"}],"wp:term":[{"taxonomy":"category","embeddable":true,"href":"https:\/\/zjarr.tv\/en\/wp-json\/wp\/v2\/categories?post=102589"},{"taxonomy":"post_tag","embeddable":true,"href":"https:\/\/zjarr.tv\/en\/wp-json\/wp\/v2\/tags?post=102589"}],"curies":[{"name":"wp","href":"https:\/\/api.w.org\/{rel}","templated":true}]}}