{"id":102592,"date":"2019-08-21T13:42:21","date_gmt":"2019-08-21T11:42:21","guid":{"rendered":"https:\/\/zjarr.tv\/?p=102592"},"modified":"2019-08-21T13:42:21","modified_gmt":"2019-08-21T11:42:21","slug":"mitsotakis-leter-omonia-s-respektimi-i-minoritetit-kusht-per-negociatat-e-shqiperise-me-be","status":"publish","type":"post","link":"https:\/\/zjarr.tv\/en\/mitsotakis-leter-omonia-s-respektimi-i-minoritetit-kusht-per-negociatat-e-shqiperise-me-be\/","title":{"rendered":"Mitsotakis let\u00ebr OMONIA-s: Respektimi i minoritetit, kusht p\u00ebr negociatat e Shqip\u00ebris\u00eb me BE"},"content":{"rendered":"<p>Kryeministri i Greqis\u00eb, Kyriakos Mitsotakis i \u00ebsht\u00eb drejtuar me nj\u00eb let\u00ebr organizat\u00ebs OMONIA. Sipas k\u00ebsaj organizate letra \u00ebsht\u00eb me nj\u00eb r\u00ebnd\u00ebsi t\u00eb ve\u00e7ante politike \u00a0jo vet\u00ebm n\u00eb aspektin e komunikimit zyrtar dhe p\u00ebrmbajtjes s\u00eb ngroht\u00eb, por edhe n\u00eb referimin e problemeve dhe rolin politik q\u00eb luan OMONIA.<\/p>\n<p>Mitsotakis ka deklaruar se respektimi i t\u00eb drejtave t\u00eb minoritetit grek n\u00eb Shqip\u00ebri p\u00ebrb\u00ebn kusht paraprak p\u00ebr \u00e7eljen e negociatave t\u00eb Shqip\u00ebris\u00eb me Bashkimin Europian.<\/p>\n<p><em>\u00a0\u201cShqet\u00ebsimi kryesor i qeveris\u00eb greke dhe i imi personal \u00ebsht\u00eb mbrojtja me efikasitet i t\u00eb drejtave minoritare dhe t\u00eb pron\u00ebs t\u00eb minoritetit komb\u00ebtar grek n\u00eb Shqip\u00ebri, \u00e7ka edhe p\u00ebrb\u00ebn kusht paraprak p\u00ebr hapjen e negociatave t\u00eb integrimin t\u00eb Shqip\u00ebris\u00eb n\u00eb Bashkimin Europian\u201d,<\/em>\u00a0shkruan kryeministri I Greqis\u00eb.<\/p>","protected":false},"excerpt":{"rendered":"<p>Kryeministri i Greqis\u00eb, Kyriakos Mitsotakis i \u00ebsht\u00eb drejtuar me nj\u00eb let\u00ebr organizat\u00ebs OMONIA. Sipas k\u00ebsaj organizate letra \u00ebsht\u00eb me nj\u00eb r\u00ebnd\u00ebsi t\u00eb ve\u00e7ante politike \u00a0jo vet\u00ebm n\u00eb aspektin e komunikimit zyrtar dhe p\u00ebrmbajtjes s\u00eb ngroht\u00eb, por edhe n\u00eb referimin e problemeve dhe rolin politik q\u00eb luan OMONIA. Mitsotakis ka deklaruar se respektimi i t\u00eb drejtave [&hellip;]<\/p>\n","protected":false},"author":2013,"featured_media":102593,"comment_status":"open","ping_status":"closed","sticky":false,"template":"","format":"standard","meta":{"footnotes":""},"categories":[241,235],"tags":[],"class_list":{"0":"post-102592","1":"post","2":"type-post","3":"status-publish","4":"format-standard","5":"has-post-thumbnail","7":"category-aktualitet","8":"category-vendi"},"_links":{"self":[{"href":"https:\/\/zjarr.tv\/en\/wp-json\/wp\/v2\/posts\/102592","targetHints":{"allow":["GET"]}}],"collection":[{"href":"https:\/\/zjarr.tv\/en\/wp-json\/wp\/v2\/posts"}],"about":[{"href":"https:\/\/zjarr.tv\/en\/wp-json\/wp\/v2\/types\/post"}],"author":[{"embeddable":true,"href":"https:\/\/zjarr.tv\/en\/wp-json\/wp\/v2\/users\/2013"}],"replies":[{"embeddable":true,"href":"https:\/\/zjarr.tv\/en\/wp-json\/wp\/v2\/comments?post=102592"}],"version-history":[{"count":0,"href":"https:\/\/zjarr.tv\/en\/wp-json\/wp\/v2\/posts\/102592\/revisions"}],"wp:featuredmedia":[{"embeddable":true,"href":"https:\/\/zjarr.tv\/en\/wp-json\/wp\/v2\/media\/102593"}],"wp:attachment":[{"href":"https:\/\/zjarr.tv\/en\/wp-json\/wp\/v2\/media?parent=102592"}],"wp:term":[{"taxonomy":"category","embeddable":true,"href":"https:\/\/zjarr.tv\/en\/wp-json\/wp\/v2\/categories?post=102592"},{"taxonomy":"post_tag","embeddable":true,"href":"https:\/\/zjarr.tv\/en\/wp-json\/wp\/v2\/tags?post=102592"}],"curies":[{"name":"wp","href":"https:\/\/api.w.org\/{rel}","templated":true}]}}