{"id":102598,"date":"2019-08-21T14:39:48","date_gmt":"2019-08-21T12:39:48","guid":{"rendered":"https:\/\/zjarr.tv\/?p=102598"},"modified":"2019-08-21T14:39:48","modified_gmt":"2019-08-21T12:39:48","slug":"bllokohen-550-ton-nafte-ballshi-pa-cilesi","status":"publish","type":"post","link":"https:\/\/zjarr.tv\/en\/bllokohen-550-ton-nafte-ballshi-pa-cilesi\/","title":{"rendered":"Bllokohen 550 ton naft\u00eb Ballshi pa cil\u00ebsi"},"content":{"rendered":"<p><em>Bllokohet 550 ton karburant n\u00eb rafinerin\u00eb e Ballshit pasi ishte jasht\u00eb standardeve p\u00ebr tregtim. Ministrja e Infrastruktur\u00ebs dhe Energjitik\u00ebs Belinda \u00a0Balluku deklaroi se nuk do t\u00eb tolerohet asnj\u00eb subjekt q\u00eb konstatohet me shkelje. Nd\u00ebrkoh\u00eb \u00a0q\u00eb me laborator\u00ebt e ri \u00a0kontrolli i subjekteve do t\u00eb jet\u00eb edhe m\u00eb efektiv.<\/em><\/p>\n<p>Nuk plot\u00ebsonte standardet p\u00ebr hedhjen n\u00eb treg bllokohet 550 ton naft\u00eb n\u00eb rafinerin\u00eb e Ballshit n\u00eb Fier. Ministrja e Infrastruktur\u00ebs dhe Energjitik\u00ebs Belinda Balluku deklaroi se nuk do t\u00eb tolerohet asnj\u00eb subjekt q\u00eb konstatohet me shkelje.<\/p>\n<p>Nd\u00ebrkoh\u00eb kryeinspektori i inspektoratit \u00a0Shtet\u00ebror Teknik theksoi se tashm\u00eb ka m\u00eb shum\u00eb mund\u00ebsi laboratorike p\u00ebr t\u00eb b\u00ebr\u00eb analizat e karburanteve n\u00eb vend.<\/p>\n<p>Sektori i karburanteve n\u00eb vend ka qen\u00eb gjithmon\u00eb problematik p\u00ebrsa i p\u00ebrket cil\u00ebsis\u00eb por edhe sasis\u00eb.<\/p>","protected":false},"excerpt":{"rendered":"<p>Bllokohet 550 ton karburant n\u00eb rafinerin\u00eb e Ballshit pasi ishte jasht\u00eb standardeve p\u00ebr tregtim. Ministrja e Infrastruktur\u00ebs dhe Energjitik\u00ebs Belinda \u00a0Balluku deklaroi se nuk do t\u00eb tolerohet asnj\u00eb subjekt q\u00eb konstatohet me shkelje. Nd\u00ebrkoh\u00eb \u00a0q\u00eb me laborator\u00ebt e ri \u00a0kontrolli i subjekteve do t\u00eb jet\u00eb edhe m\u00eb efektiv. Nuk plot\u00ebsonte standardet p\u00ebr hedhjen n\u00eb treg [&hellip;]<\/p>\n","protected":false},"author":2013,"featured_media":102600,"comment_status":"open","ping_status":"closed","sticky":false,"template":"","format":"standard","meta":{"footnotes":""},"categories":[241,235],"tags":[],"class_list":{"0":"post-102598","1":"post","2":"type-post","3":"status-publish","4":"format-standard","5":"has-post-thumbnail","7":"category-aktualitet","8":"category-vendi"},"_links":{"self":[{"href":"https:\/\/zjarr.tv\/en\/wp-json\/wp\/v2\/posts\/102598","targetHints":{"allow":["GET"]}}],"collection":[{"href":"https:\/\/zjarr.tv\/en\/wp-json\/wp\/v2\/posts"}],"about":[{"href":"https:\/\/zjarr.tv\/en\/wp-json\/wp\/v2\/types\/post"}],"author":[{"embeddable":true,"href":"https:\/\/zjarr.tv\/en\/wp-json\/wp\/v2\/users\/2013"}],"replies":[{"embeddable":true,"href":"https:\/\/zjarr.tv\/en\/wp-json\/wp\/v2\/comments?post=102598"}],"version-history":[{"count":0,"href":"https:\/\/zjarr.tv\/en\/wp-json\/wp\/v2\/posts\/102598\/revisions"}],"wp:featuredmedia":[{"embeddable":true,"href":"https:\/\/zjarr.tv\/en\/wp-json\/wp\/v2\/media\/102600"}],"wp:attachment":[{"href":"https:\/\/zjarr.tv\/en\/wp-json\/wp\/v2\/media?parent=102598"}],"wp:term":[{"taxonomy":"category","embeddable":true,"href":"https:\/\/zjarr.tv\/en\/wp-json\/wp\/v2\/categories?post=102598"},{"taxonomy":"post_tag","embeddable":true,"href":"https:\/\/zjarr.tv\/en\/wp-json\/wp\/v2\/tags?post=102598"}],"curies":[{"name":"wp","href":"https:\/\/api.w.org\/{rel}","templated":true}]}}