{"id":102602,"date":"2019-08-21T14:40:42","date_gmt":"2019-08-21T12:40:42","guid":{"rendered":"https:\/\/zjarr.tv\/?p=102602"},"modified":"2019-08-21T14:40:42","modified_gmt":"2019-08-21T12:40:42","slug":"shkolla-nis-me-16-shtator-dokumentet-qe-duhen-per-regjistrimin-e-femijeve","status":"publish","type":"post","link":"https:\/\/zjarr.tv\/en\/shkolla-nis-me-16-shtator-dokumentet-qe-duhen-per-regjistrimin-e-femijeve\/","title":{"rendered":"Shkolla nis m\u00eb 16 shtator, dokumentet q\u00eb duhen p\u00ebr regjistrimin e f\u00ebmij\u00ebve"},"content":{"rendered":"<p>Regjistrimi p\u00ebrfundimtar p\u00ebr klasat e para do t\u00eb nis m\u00eb 2 shtator. P\u00ebr t\u00eb kryer regjistrimin n\u00eb shkollat p\u00ebrkat\u00ebse prind\u00ebrit duhet t\u00eb b\u00ebjn\u00eb gati disa dokumente.<\/p>\n<p><strong>Aida Hajdaraj:\u00a0<\/strong><em>&#8220;Duhet \u00e7ertifikat\u00eb personale p\u00ebr k\u00ebt\u00eb asiston shkolla. V\u00ebrtetim i okulistit dhe v\u00ebrtetim i ndjekjes s\u00eb parashkollorit n\u00ebse e ka ndjekur nj\u00eb t\u00eb till\u00eb. Lista em\u00ebrore q\u00eb vjen gjithmon\u00eb dhe \u00ebsht\u00eb n\u00eb bashk\u00ebpunim i pushtetit vendor dhe MAS p\u00ebr nx\u00ebn\u00ebsit q\u00eb jan\u00eb t\u00eb zon\u00ebs, p\u00ebr ata q\u00eb nuk jan\u00eb t\u00eb zon\u00ebs duhet v\u00ebrtetim nga nj\u00ebsia bashkiake.<\/em><\/p>\n<p>Aida Hajdaraj, Specialiste pran\u00eb DAR Tiran\u00eb, thot\u00eb se n\u00eb t\u00eb njejt\u00ebn koh\u00eb fillon edhe regjistrimi n\u00eb arsimin e mes\u00ebm.<\/p>\n<p><strong>Aida Hajdaraj:\u00a0<\/strong><em><strong>\u00a0<\/strong>&#8220;Duhet d\u00ebftesa e arsimit baz\u00eb, formulari i kurrikul\u00ebs me zgjedhje n\u00eb momentin q\u00eb nuk e kan\u00eb asistuar dhe certifikat\u00eb personale&#8221;<\/em><\/p>\n<p>Por \u00e7do vit jan\u00eb t\u00eb shumta dhe t\u00eb pashmangshme k\u00ebrkesat e prind\u00ebrve p\u00ebr ti regjistruar f\u00ebmij\u00ebt n\u00eb shkollat pran\u00eb qendr\u00ebs, aty ku ata mendojn\u00eb se cil\u00ebsia e m\u00ebsimdh\u00ebnies \u00ebsht\u00eb m\u00eb e lart\u00eb. Hajdaraj shpjegon se regjistrimi duhet t\u00eb kryhet vet\u00ebm n\u00eb institucionet arsimore pran\u00eb vendbanimit.<\/p>\n<p>Viti shkollor 2019-2020 p\u00ebr sistemin arsimor baz\u00eb dhe at\u00eb t\u00eb mes\u00ebm do t\u00eb nis m\u00eb 16 shtator.<\/p>","protected":false},"excerpt":{"rendered":"<p>Regjistrimi p\u00ebrfundimtar p\u00ebr klasat e para do t\u00eb nis m\u00eb 2 shtator. P\u00ebr t\u00eb kryer regjistrimin n\u00eb shkollat p\u00ebrkat\u00ebse prind\u00ebrit duhet t\u00eb b\u00ebjn\u00eb gati disa dokumente. Aida Hajdaraj:\u00a0&#8220;Duhet \u00e7ertifikat\u00eb personale p\u00ebr k\u00ebt\u00eb asiston shkolla. V\u00ebrtetim i okulistit dhe v\u00ebrtetim i ndjekjes s\u00eb parashkollorit n\u00ebse e ka ndjekur nj\u00eb t\u00eb till\u00eb. Lista em\u00ebrore q\u00eb vjen gjithmon\u00eb [&hellip;]<\/p>\n","protected":false},"author":2013,"featured_media":42927,"comment_status":"open","ping_status":"closed","sticky":false,"template":"","format":"standard","meta":{"footnotes":""},"categories":[241,235],"tags":[],"class_list":{"0":"post-102602","1":"post","2":"type-post","3":"status-publish","4":"format-standard","5":"has-post-thumbnail","7":"category-aktualitet","8":"category-vendi"},"_links":{"self":[{"href":"https:\/\/zjarr.tv\/en\/wp-json\/wp\/v2\/posts\/102602","targetHints":{"allow":["GET"]}}],"collection":[{"href":"https:\/\/zjarr.tv\/en\/wp-json\/wp\/v2\/posts"}],"about":[{"href":"https:\/\/zjarr.tv\/en\/wp-json\/wp\/v2\/types\/post"}],"author":[{"embeddable":true,"href":"https:\/\/zjarr.tv\/en\/wp-json\/wp\/v2\/users\/2013"}],"replies":[{"embeddable":true,"href":"https:\/\/zjarr.tv\/en\/wp-json\/wp\/v2\/comments?post=102602"}],"version-history":[{"count":0,"href":"https:\/\/zjarr.tv\/en\/wp-json\/wp\/v2\/posts\/102602\/revisions"}],"wp:featuredmedia":[{"embeddable":true,"href":"https:\/\/zjarr.tv\/en\/wp-json\/wp\/v2\/media\/42927"}],"wp:attachment":[{"href":"https:\/\/zjarr.tv\/en\/wp-json\/wp\/v2\/media?parent=102602"}],"wp:term":[{"taxonomy":"category","embeddable":true,"href":"https:\/\/zjarr.tv\/en\/wp-json\/wp\/v2\/categories?post=102602"},{"taxonomy":"post_tag","embeddable":true,"href":"https:\/\/zjarr.tv\/en\/wp-json\/wp\/v2\/tags?post=102602"}],"curies":[{"name":"wp","href":"https:\/\/api.w.org\/{rel}","templated":true}]}}