{"id":102605,"date":"2019-08-21T18:30:08","date_gmt":"2019-08-21T16:30:08","guid":{"rendered":"https:\/\/zjarr.tv\/?p=102605"},"modified":"2019-08-21T15:44:23","modified_gmt":"2019-08-21T13:44:23","slug":"celja-e-negociatave-te-shqiperise-kryeministri-grek-ka-nje-kusht","status":"publish","type":"post","link":"https:\/\/zjarr.tv\/en\/celja-e-negociatave-te-shqiperise-kryeministri-grek-ka-nje-kusht\/","title":{"rendered":"\u00c7elja e negociatave t\u00eb Shqip\u00ebris\u00eb, kryeministri grek ka nj\u00eb kusht\u2026"},"content":{"rendered":"<p>Kryeministri i Greqis\u00eb, Kyriakos Micotaqis n\u00eb nj\u00eb let\u00ebr q\u00eb ka i ka d\u00ebrguar OMONIA-s, shoqat\u00ebs m\u00eb t\u00eb madhe t\u00eb minoritet grek n\u00eb vendin ton\u00eb thot\u00eb se respektimi i t\u00eb drejtave t\u00eb minoritetit grek n\u00eb Shqip\u00ebri p\u00ebrb\u00ebn kusht paraprak p\u00ebr \u00e7eljen e negociatave t\u00eb Shqip\u00ebris\u00eb me Bashkimin Europian.<\/p>\n<p>\u201cShqet\u00ebsimi kryesor i qeveris\u00eb greke dhe i imi personal \u00ebsht\u00eb mbrojtja me efikasitet i t\u00eb drejtave minoritare dhe t\u00eb pron\u00ebs t\u00eb minoritetit komb\u00ebtar grek n\u00eb Shqip\u00ebri, \u00e7ka edhe p\u00ebrb\u00ebn kusht paraprak p\u00ebr hapjen e negociatave t\u00eb integrimin t\u00eb Shqip\u00ebris\u00eb n\u00eb Bashkimin Europian\u201d,\u00a0shkruan kryeministri i Greqis\u00eb.<\/p>","protected":false},"excerpt":{"rendered":"<p>Kryeministri i Greqis\u00eb, Kyriakos Micotaqis n\u00eb nj\u00eb let\u00ebr q\u00eb ka i ka d\u00ebrguar OMONIA-s, shoqat\u00ebs m\u00eb t\u00eb madhe t\u00eb minoritet grek n\u00eb vendin ton\u00eb thot\u00eb se respektimi i t\u00eb drejtave t\u00eb minoritetit grek n\u00eb Shqip\u00ebri p\u00ebrb\u00ebn kusht paraprak p\u00ebr \u00e7eljen e negociatave t\u00eb Shqip\u00ebris\u00eb me Bashkimin Europian. \u201cShqet\u00ebsimi kryesor i qeveris\u00eb greke dhe i imi [&hellip;]<\/p>\n","protected":false},"author":2013,"featured_media":57259,"comment_status":"open","ping_status":"closed","sticky":false,"template":"","format":"standard","meta":{"footnotes":""},"categories":[241,2],"tags":[],"class_list":{"0":"post-102605","1":"post","2":"type-post","3":"status-publish","4":"format-standard","5":"has-post-thumbnail","7":"category-aktualitet","8":"category-rajoni"},"_links":{"self":[{"href":"https:\/\/zjarr.tv\/en\/wp-json\/wp\/v2\/posts\/102605","targetHints":{"allow":["GET"]}}],"collection":[{"href":"https:\/\/zjarr.tv\/en\/wp-json\/wp\/v2\/posts"}],"about":[{"href":"https:\/\/zjarr.tv\/en\/wp-json\/wp\/v2\/types\/post"}],"author":[{"embeddable":true,"href":"https:\/\/zjarr.tv\/en\/wp-json\/wp\/v2\/users\/2013"}],"replies":[{"embeddable":true,"href":"https:\/\/zjarr.tv\/en\/wp-json\/wp\/v2\/comments?post=102605"}],"version-history":[{"count":0,"href":"https:\/\/zjarr.tv\/en\/wp-json\/wp\/v2\/posts\/102605\/revisions"}],"wp:featuredmedia":[{"embeddable":true,"href":"https:\/\/zjarr.tv\/en\/wp-json\/wp\/v2\/media\/57259"}],"wp:attachment":[{"href":"https:\/\/zjarr.tv\/en\/wp-json\/wp\/v2\/media?parent=102605"}],"wp:term":[{"taxonomy":"category","embeddable":true,"href":"https:\/\/zjarr.tv\/en\/wp-json\/wp\/v2\/categories?post=102605"},{"taxonomy":"post_tag","embeddable":true,"href":"https:\/\/zjarr.tv\/en\/wp-json\/wp\/v2\/tags?post=102605"}],"curies":[{"name":"wp","href":"https:\/\/api.w.org\/{rel}","templated":true}]}}